{"id":143499,"date":"2018-06-07T16:53:40","date_gmt":"2018-06-07T19:53:40","guid":{"rendered":"https:\/\/www.redenoticia.com.br\/noticia\/?p=143499"},"modified":"2018-06-07T16:24:29","modified_gmt":"2018-06-07T19:24:29","slug":"resumo-novela-orgulho-e-paixao-08-06-cecilia-desmascara-fani","status":"publish","type":"post","link":"https:\/\/migracao.redenoticia.com.br\/noticia\/2018\/resumo-novela-orgulho-e-paixao-08-06-cecilia-desmascara-fani\/143499","title":{"rendered":"Resumo novela \u201cOrgulho e Paix\u00e3o\u201d 08\/06: Cec\u00edlia desmascara Fani"},"content":{"rendered":"<p><img loading=\"lazy\" decoding=\"async\" src=\"https:\/\/migracao.redenoticia.com.br\/noticia\/imagens\/orgulho-e-paixao-novela-globo-resumo-Foto-Joao-Miguel-junior-tv-globo-150x112.jpg\" alt=\"\" width=\"150\" height=\"112\" class=\"alignleft size-thumbnail wp-image-134200\" srcset=\"https:\/\/migracao.redenoticia.com.br\/noticia\/imagens\/orgulho-e-paixao-novela-globo-resumo-Foto-Joao-Miguel-junior-tv-globo-150x112.jpg 150w, https:\/\/migracao.redenoticia.com.br\/noticia\/imagens\/orgulho-e-paixao-novela-globo-resumo-Foto-Joao-Miguel-junior-tv-globo-265x198.jpg 265w\" sizes=\"auto, (max-width: 150px) 100vw, 150px\" \/><strong><em>Resumo novela \u201cOrgulho e Paix\u00e3o\u201d 08\/06 <\/em><\/strong>: no cap\u00edtulo 070(*) da novela \u201cOrgulho e Paix\u00e3o\u201d, resumo de sexta-feira, 08 de junho, Am\u00e9lia nota que Jorge fica abalado ao saber sobre o casamento de Ema e Edmundo. Elisabeta entrevista Ema para sua coluna no jornal. Cec\u00edlia descobre uma fotografia de Edmundo nos pertences de Fani. Darcy l\u00ea uma falsa carta de Lorde Williamson. Edmundo questiona Ema sobre sua paix\u00e3o por Ernesto. Julieta afirma a Aur\u00e9lio que ele deve desculpas a Ema. R\u00f4mulo explica a Cec\u00edlia como a morte de Josephine abalou Fani e Edmundo. Darcy conta a Elisabeta o que descobriu sobre seu pai. Mariana se aproxima de Luccino. Cec\u00edlia desmascara Fani.<\/p>\n<p>(*) edi\u00e7\u00e3o da Rede Globo, Novela \u201cOrgulho e Paix\u00e3o\u201d, sujeito a altera\u00e7\u00e3o de data e conte\u00fado.<\/p>\n<p>No fict\u00edcio Vale do Caf\u00e9, interior de S\u00e3o Paulo, nossos personagens vivem seus conflitos sociais e de conduta, que sempre se contrap\u00f5em aos desejos pessoais de cada um. Elisabeta (Nathalia Dill) \u00e9 uma mulher \u00e0 frente do seu tempo, com pensamentos igualit\u00e1rios e interesses at\u00edpicos para uma jovem do in\u00edcio do s\u00e9culo XX. Ela deseja trabalhar, conhecer o mundo e \u00e9 incentivada a realizar seus sonhos pelo pai, Felisberto (Tato Gabus Mendes), que vive \u00e0s turras com a mulher, Of\u00e9lia (Vera Holtz), por pensarem diferente sobre a cria\u00e7\u00e3o das filhas. Ao todo, o casal teve cinco mulheres, e cada uma com uma personalidade diferente.<\/p>\n<p>A personagem de Nathalia Dill entrar\u00e1 em conflito quando se apaixonar por Darcy (Thiago Lacerda), um homem de car\u00e1ter e muito sisudo. O amor n\u00e3o \u00e9 \u00e0 primeira vista, j\u00e1 que os dois n\u00e3o se entendem assim que se conhecem. O sentimento de repulsa dar\u00e1 lugar a uma grande paix\u00e3o, que ser\u00e1 negada pelo casal o m\u00e1ximo poss\u00edvel.<\/p>\n","protected":false},"excerpt":{"rendered":"<p>Resumo novela \u201cOrgulho e Paix\u00e3o\u201d 08\/06 : no cap\u00edtulo 070(*) da novela \u201cOrgulho e Paix\u00e3o\u201d, resumo de sexta-feira, 08 de junho, Am\u00e9lia nota que Jorge fica abalado ao saber sobre o casamento de Ema e Edmundo. Elisabeta entrevista Ema para sua coluna no jornal. Cec\u00edlia descobre uma fotografia de Edmundo nos pertences de Fani. Darcy [&hellip;]<\/p>\n","protected":false},"author":4,"featured_media":140831,"comment_status":"open","ping_status":"closed","sticky":false,"template":"","format":"standard","meta":{"tdm_status":"","tdm_grid_status":"","footnotes":""},"categories":[379,467,375,343],"tags":[441],"class_list":{"0":"post-143499","1":"post","2":"type-post","3":"status-publish","4":"format-standard","5":"has-post-thumbnail","7":"category-novelas","8":"category-orgulho-e-paixao","9":"category-rede-globo","10":"category-televisao","11":"tag-resumo-do-dia"},"_links":{"self":[{"href":"https:\/\/migracao.redenoticia.com.br\/noticia\/wp-json\/wp\/v2\/posts\/143499","targetHints":{"allow":["GET"]}}],"collection":[{"href":"https:\/\/migracao.redenoticia.com.br\/noticia\/wp-json\/wp\/v2\/posts"}],"about":[{"href":"https:\/\/migracao.redenoticia.com.br\/noticia\/wp-json\/wp\/v2\/types\/post"}],"author":[{"embeddable":true,"href":"https:\/\/migracao.redenoticia.com.br\/noticia\/wp-json\/wp\/v2\/users\/4"}],"replies":[{"embeddable":true,"href":"https:\/\/migracao.redenoticia.com.br\/noticia\/wp-json\/wp\/v2\/comments?post=143499"}],"version-history":[{"count":0,"href":"https:\/\/migracao.redenoticia.com.br\/noticia\/wp-json\/wp\/v2\/posts\/143499\/revisions"}],"wp:featuredmedia":[{"embeddable":true,"href":"https:\/\/migracao.redenoticia.com.br\/noticia\/wp-json\/wp\/v2\/media\/140831"}],"wp:attachment":[{"href":"https:\/\/migracao.redenoticia.com.br\/noticia\/wp-json\/wp\/v2\/media?parent=143499"}],"wp:term":[{"taxonomy":"category","embeddable":true,"href":"https:\/\/migracao.redenoticia.com.br\/noticia\/wp-json\/wp\/v2\/categories?post=143499"},{"taxonomy":"post_tag","embeddable":true,"href":"https:\/\/migracao.redenoticia.com.br\/noticia\/wp-json\/wp\/v2\/tags?post=143499"}],"curies":[{"name":"wp","href":"https:\/\/api.w.org\/{rel}","templated":true}]}}