{"id":144534,"date":"2018-06-21T18:03:42","date_gmt":"2018-06-21T21:03:42","guid":{"rendered":"https:\/\/www.redenoticia.com.br\/noticia\/?p=144534"},"modified":"2018-06-21T18:03:42","modified_gmt":"2018-06-21T21:03:42","slug":"resumo-novela-orgulho-e-paixao-22-06-edmundo-e-fani-se-reencontram","status":"publish","type":"post","link":"https:\/\/migracao.redenoticia.com.br\/noticia\/2018\/resumo-novela-orgulho-e-paixao-22-06-edmundo-e-fani-se-reencontram\/144534","title":{"rendered":"Resumo novela \u201cOrgulho e Paix\u00e3o\u201d 22\/06: Edmundo e Fani se reencontram"},"content":{"rendered":"<p> <img loading=\"lazy\" decoding=\"async\" class=\"alignleft size-thumbnail wp-image-134200\" src=\"https:\/\/migracao.redenoticia.com.br\/noticia\/imagens\/orgulho-e-paixao-novela-globo-resumo-Foto-Joao-Miguel-junior-tv-globo-150x112.jpg\" alt=\"\" width=\"150\" height=\"112\" srcset=\"https:\/\/migracao.redenoticia.com.br\/noticia\/imagens\/orgulho-e-paixao-novela-globo-resumo-Foto-Joao-Miguel-junior-tv-globo-150x112.jpg 150w, https:\/\/migracao.redenoticia.com.br\/noticia\/imagens\/orgulho-e-paixao-novela-globo-resumo-Foto-Joao-Miguel-junior-tv-globo-265x198.jpg 265w\" sizes=\"auto, (max-width: 150px) 100vw, 150px\" \/><strong><em>Resumo novela \u201cOrgulho e Paix\u00e3o\u201d 22\/06 <\/em><\/strong>: no cap\u00edtulo 082(*) da novela \u201cOrgulho e Paix\u00e3o\u201d, resumo de sexta-feira, 22 de junho, Tib\u00farcio se desespera com o desaparecimento de Cec\u00edlia. Ema confessa a Elisabeta que n\u00e3o quer refletir sobre seu noivado. Fani ajuda Cec\u00edlia a sair do lago. Jane pede que Camilo se reconcilie com Julieta. Brand\u00e3o aconselha Josephine a revelar a R\u00f4mulo e Edmundo que est\u00e1 viva. Susana manipula Oleg\u00e1rio. Cec\u00edlia chega \u00e0 mans\u00e3o e Tib\u00farcio implora para que a nora n\u00e3o conte a R\u00f4mulo sobre o passeio dos dois. <\/p>\n<p>Luccino admira M\u00e1rio\/Mariana, que n\u00e3o percebe. L\u00eddia pressiona Ot\u00e1vio sobre o casamento dos dois. Aur\u00e9lio afirma a Ten\u00f3ria que deseja conhecer melhor sua irm\u00e3. Josephine instiga Fani a ir ao baile de noivado de Edmundo e Ema. Elisabeta visita Julieta, e Susana desconfia. Ernesto desconfia de que Luccino est\u00e1 apaixonado. Brand\u00e3o exige que M\u00e1rio\/Mariana o acompanhe ao baile de noivado. Aur\u00e9lio afirma que esperar\u00e1 por Julieta, e os dois se beijam. Come\u00e7a o baile de noivado, e Ema sofre ao ver Jorge e Ernesto. Uirapuru chega ao Vale do Caf\u00e9 e n\u00e3o reconhece M\u00e1rio\/Mariana. Edmundo e Fani se reencontram.<\/p>\n<p>(*) edi\u00e7\u00e3o da Rede Globo, Novela \u201cOrgulho e Paix\u00e3o\u201d, sujeito a altera\u00e7\u00e3o de data e conte\u00fado.<\/p>\n<p>No fict\u00edcio Vale do Caf\u00e9, interior de S\u00e3o Paulo, nossos personagens vivem seus conflitos sociais e de conduta, que sempre se contrap\u00f5em aos desejos pessoais de cada um. Elisabeta (Nathalia Dill) \u00e9 uma mulher \u00e0 frente do seu tempo, com pensamentos igualit\u00e1rios e interesses at\u00edpicos para uma jovem do in\u00edcio do s\u00e9culo XX. Ela deseja trabalhar, conhecer o mundo e \u00e9 incentivada a realizar seus sonhos pelo pai, Felisberto (Tato Gabus Mendes), que vive \u00e0s turras com a mulher, Of\u00e9lia (Vera Holtz), por pensarem diferente sobre a cria\u00e7\u00e3o das filhas. Ao todo, o casal teve cinco mulheres, e cada uma com uma personalidade diferente.<\/p>\n<p>A personagem de Nathalia Dill entrar\u00e1 em conflito quando se apaixonar por Darcy (Thiago Lacerda), um homem de car\u00e1ter e muito sisudo. O amor n\u00e3o \u00e9 \u00e0 primeira vista, j\u00e1 que os dois n\u00e3o se entendem assim que se conhecem. O sentimento de repulsa dar\u00e1 lugar a uma grande paix\u00e3o, que ser\u00e1 negada pelo casal o m\u00e1ximo poss\u00edvel.<\/p>\n","protected":false},"excerpt":{"rendered":"<p>Resumo novela \u201cOrgulho e Paix\u00e3o\u201d 22\/06 : no cap\u00edtulo 082(*) da novela \u201cOrgulho e Paix\u00e3o\u201d, resumo de sexta-feira, 22 de junho, Tib\u00farcio se desespera com o desaparecimento de Cec\u00edlia. Ema confessa a Elisabeta que n\u00e3o quer refletir sobre seu noivado. Fani ajuda Cec\u00edlia a sair do lago. Jane pede que Camilo se reconcilie com Julieta. [&hellip;]<\/p>\n","protected":false},"author":2,"featured_media":140831,"comment_status":"open","ping_status":"closed","sticky":false,"template":"","format":"standard","meta":{"tdm_status":"","tdm_grid_status":"","footnotes":""},"categories":[379,467,375,343],"tags":[441],"class_list":{"0":"post-144534","1":"post","2":"type-post","3":"status-publish","4":"format-standard","5":"has-post-thumbnail","7":"category-novelas","8":"category-orgulho-e-paixao","9":"category-rede-globo","10":"category-televisao","11":"tag-resumo-do-dia"},"_links":{"self":[{"href":"https:\/\/migracao.redenoticia.com.br\/noticia\/wp-json\/wp\/v2\/posts\/144534","targetHints":{"allow":["GET"]}}],"collection":[{"href":"https:\/\/migracao.redenoticia.com.br\/noticia\/wp-json\/wp\/v2\/posts"}],"about":[{"href":"https:\/\/migracao.redenoticia.com.br\/noticia\/wp-json\/wp\/v2\/types\/post"}],"author":[{"embeddable":true,"href":"https:\/\/migracao.redenoticia.com.br\/noticia\/wp-json\/wp\/v2\/users\/2"}],"replies":[{"embeddable":true,"href":"https:\/\/migracao.redenoticia.com.br\/noticia\/wp-json\/wp\/v2\/comments?post=144534"}],"version-history":[{"count":0,"href":"https:\/\/migracao.redenoticia.com.br\/noticia\/wp-json\/wp\/v2\/posts\/144534\/revisions"}],"wp:featuredmedia":[{"embeddable":true,"href":"https:\/\/migracao.redenoticia.com.br\/noticia\/wp-json\/wp\/v2\/media\/140831"}],"wp:attachment":[{"href":"https:\/\/migracao.redenoticia.com.br\/noticia\/wp-json\/wp\/v2\/media?parent=144534"}],"wp:term":[{"taxonomy":"category","embeddable":true,"href":"https:\/\/migracao.redenoticia.com.br\/noticia\/wp-json\/wp\/v2\/categories?post=144534"},{"taxonomy":"post_tag","embeddable":true,"href":"https:\/\/migracao.redenoticia.com.br\/noticia\/wp-json\/wp\/v2\/tags?post=144534"}],"curies":[{"name":"wp","href":"https:\/\/api.w.org\/{rel}","templated":true}]}}