{"id":144594,"date":"2018-06-22T18:25:28","date_gmt":"2018-06-22T21:25:28","guid":{"rendered":"https:\/\/www.redenoticia.com.br\/noticia\/?p=144594"},"modified":"2018-06-22T18:28:27","modified_gmt":"2018-06-22T21:28:27","slug":"resumo-novela-orgulho-e-paixao-23-06-josephine-aparece-para-tiburcio","status":"publish","type":"post","link":"https:\/\/migracao.redenoticia.com.br\/noticia\/2018\/resumo-novela-orgulho-e-paixao-23-06-josephine-aparece-para-tiburcio\/144594","title":{"rendered":"Resumo novela \u201cOrgulho e Paix\u00e3o\u201d 23\/06: Josephine aparece para Tib\u00farcio"},"content":{"rendered":"<p><img loading=\"lazy\" decoding=\"async\" class=\"alignleft size-thumbnail wp-image-134200\" src=\"https:\/\/migracao.redenoticia.com.br\/noticia\/imagens\/orgulho-e-paixao-novela-globo-resumo-Foto-Joao-Miguel-junior-tv-globo-150x112.jpg\" alt=\"\" width=\"150\" height=\"112\" srcset=\"https:\/\/migracao.redenoticia.com.br\/noticia\/imagens\/orgulho-e-paixao-novela-globo-resumo-Foto-Joao-Miguel-junior-tv-globo-150x112.jpg 150w, https:\/\/migracao.redenoticia.com.br\/noticia\/imagens\/orgulho-e-paixao-novela-globo-resumo-Foto-Joao-Miguel-junior-tv-globo-265x198.jpg 265w\" sizes=\"auto, (max-width: 150px) 100vw, 150px\" \/><strong><em>Resumo novela \u201cOrgulho e Paix\u00e3o\u201d 23\/06 <\/em><\/strong>: no cap\u00edtulo 083(*) da novela \u201cOrgulho e Paix\u00e3o\u201d, resumo de s\u00e1bado, 23 de junho, Fani \u00e9 hostil com Edmundo. M\u00e1rio\/Mariana agride Uirapuru, e Brand\u00e3o apoia a atitude. Julieta confirma a Camilo que orientou seus contatos em S\u00e3o Paulo a n\u00e3o oferecer emprego ao filho. Camilo n\u00e3o consegue perdoar a m\u00e3e. Elisabeta aconselha Ema a interromper sua festa de noivado. Mariana revela a Elisabeta seu disfarce como M\u00e1rio, e as irm\u00e3s se divertem. Brand\u00e3o deixa a festa para ir atr\u00e1s de Mariana, preocupado com Uirapuru. <\/p>\n<p>Brand\u00e3o decide se vestir de Motoqueiro Vermelho para expulsar Uirapuru do Vale do Caf\u00e9. Darcy e Elisabeta trocam juras de amor. Embriagado em sua festa de noivado, Edmundo confessa seu amor por Fani e anuncia que Ema est\u00e1 envolvida com Ernesto e Jorge. Elisabeta e Ernesto acodem Ema. Mariko apoia Am\u00e9lia. Josephine jura vingan\u00e7a contra Tib\u00farcio. Cec\u00edlia defende Fani e Edmundo de Tib\u00farcio, e amea\u00e7a o sogro. Aur\u00e9lio busca o conforto de Julieta. Ernesto confessa a Aur\u00e9lio e Brand\u00e3o seu amor por Ema. Aur\u00e9lio questiona Jorge sobre Ema. Josephine aparece para Tib\u00farcio.<\/p>\n<p>(*) edi\u00e7\u00e3o da Rede Globo, Novela \u201cOrgulho e Paix\u00e3o\u201d, sujeito a altera\u00e7\u00e3o de data e conte\u00fado.<\/p>\n<p>No fict\u00edcio Vale do Caf\u00e9, interior de S\u00e3o Paulo, nossos personagens vivem seus conflitos sociais e de conduta, que sempre se contrap\u00f5em aos desejos pessoais de cada um. Elisabeta (Nathalia Dill) \u00e9 uma mulher \u00e0 frente do seu tempo, com pensamentos igualit\u00e1rios e interesses at\u00edpicos para uma jovem do in\u00edcio do s\u00e9culo XX. Ela deseja trabalhar, conhecer o mundo e \u00e9 incentivada a realizar seus sonhos pelo pai, Felisberto (Tato Gabus Mendes), que vive \u00e0s turras com a mulher, Of\u00e9lia (Vera Holtz), por pensarem diferente sobre a cria\u00e7\u00e3o das filhas. Ao todo, o casal teve cinco mulheres, e cada uma com uma personalidade diferente.<\/p>\n<p>A personagem de Nathalia Dill entrar\u00e1 em conflito quando se apaixonar por Darcy (Thiago Lacerda), um homem de car\u00e1ter e muito sisudo. O amor n\u00e3o \u00e9 \u00e0 primeira vista, j\u00e1 que os dois n\u00e3o se entendem assim que se conhecem. O sentimento de repulsa dar\u00e1 lugar a uma grande paix\u00e3o, que ser\u00e1 negada pelo casal o m\u00e1ximo poss\u00edvel.<\/p>\n","protected":false},"excerpt":{"rendered":"<p>Resumo novela \u201cOrgulho e Paix\u00e3o\u201d 23\/06 : no cap\u00edtulo 083(*) da novela \u201cOrgulho e Paix\u00e3o\u201d, resumo de s\u00e1bado, 23 de junho, Fani \u00e9 hostil com Edmundo. M\u00e1rio\/Mariana agride Uirapuru, e Brand\u00e3o apoia a atitude. Julieta confirma a Camilo que orientou seus contatos em S\u00e3o Paulo a n\u00e3o oferecer emprego ao filho. Camilo n\u00e3o consegue perdoar [&hellip;]<\/p>\n","protected":false},"author":2,"featured_media":140831,"comment_status":"open","ping_status":"closed","sticky":false,"template":"","format":"standard","meta":{"tdm_status":"","tdm_grid_status":"","footnotes":""},"categories":[379,467,375,343],"tags":[441],"class_list":{"0":"post-144594","1":"post","2":"type-post","3":"status-publish","4":"format-standard","5":"has-post-thumbnail","7":"category-novelas","8":"category-orgulho-e-paixao","9":"category-rede-globo","10":"category-televisao","11":"tag-resumo-do-dia"},"_links":{"self":[{"href":"https:\/\/migracao.redenoticia.com.br\/noticia\/wp-json\/wp\/v2\/posts\/144594","targetHints":{"allow":["GET"]}}],"collection":[{"href":"https:\/\/migracao.redenoticia.com.br\/noticia\/wp-json\/wp\/v2\/posts"}],"about":[{"href":"https:\/\/migracao.redenoticia.com.br\/noticia\/wp-json\/wp\/v2\/types\/post"}],"author":[{"embeddable":true,"href":"https:\/\/migracao.redenoticia.com.br\/noticia\/wp-json\/wp\/v2\/users\/2"}],"replies":[{"embeddable":true,"href":"https:\/\/migracao.redenoticia.com.br\/noticia\/wp-json\/wp\/v2\/comments?post=144594"}],"version-history":[{"count":0,"href":"https:\/\/migracao.redenoticia.com.br\/noticia\/wp-json\/wp\/v2\/posts\/144594\/revisions"}],"wp:featuredmedia":[{"embeddable":true,"href":"https:\/\/migracao.redenoticia.com.br\/noticia\/wp-json\/wp\/v2\/media\/140831"}],"wp:attachment":[{"href":"https:\/\/migracao.redenoticia.com.br\/noticia\/wp-json\/wp\/v2\/media?parent=144594"}],"wp:term":[{"taxonomy":"category","embeddable":true,"href":"https:\/\/migracao.redenoticia.com.br\/noticia\/wp-json\/wp\/v2\/categories?post=144594"},{"taxonomy":"post_tag","embeddable":true,"href":"https:\/\/migracao.redenoticia.com.br\/noticia\/wp-json\/wp\/v2\/tags?post=144594"}],"curies":[{"name":"wp","href":"https:\/\/api.w.org\/{rel}","templated":true}]}}