{"id":144647,"date":"2018-06-23T15:39:21","date_gmt":"2018-06-23T18:39:21","guid":{"rendered":"https:\/\/www.redenoticia.com.br\/noticia\/?p=144647"},"modified":"2018-06-23T15:39:21","modified_gmt":"2018-06-23T18:39:21","slug":"resumo-novela-orgulho-e-paixao-25-06-josephine-visita-a-sua-familia","status":"publish","type":"post","link":"https:\/\/migracao.redenoticia.com.br\/noticia\/2018\/resumo-novela-orgulho-e-paixao-25-06-josephine-visita-a-sua-familia\/144647","title":{"rendered":"Resumo novela \u201cOrgulho e Paix\u00e3o\u201d 25\/06: Josephine visita a sua fam\u00edlia"},"content":{"rendered":"<p> <img loading=\"lazy\" decoding=\"async\" class=\"alignleft size-thumbnail wp-image-134200\" src=\"https:\/\/migracao.redenoticia.com.br\/noticia\/imagens\/orgulho-e-paixao-novela-globo-resumo-Foto-Joao-Miguel-junior-tv-globo-150x112.jpg\" alt=\"\" width=\"150\" height=\"112\" srcset=\"https:\/\/migracao.redenoticia.com.br\/noticia\/imagens\/orgulho-e-paixao-novela-globo-resumo-Foto-Joao-Miguel-junior-tv-globo-150x112.jpg 150w, https:\/\/migracao.redenoticia.com.br\/noticia\/imagens\/orgulho-e-paixao-novela-globo-resumo-Foto-Joao-Miguel-junior-tv-globo-265x198.jpg 265w\" sizes=\"auto, (max-width: 150px) 100vw, 150px\" \/><strong><em>Resumo novela \u201cOrgulho e Paix\u00e3o\u201d 25\/06 <\/em><\/strong>: no cap\u00edtulo 084(*) da novela \u201cOrgulho e Paix\u00e3o\u201d, resumo de segunda-feira, 25 de junho, Tib\u00farcio passa mal ao ver Josephine, que n\u00e3o acode o ex-marido. Aur\u00e9lio se decepciona com Jorge por causa de Ema. Cec\u00edlia afirma que Edmundo deve pedir desculpas a Ema. Tib\u00farcio revela ter visto Josephine, e R\u00f4mulo socorre o pai. Mariana fala com Elisabeta sobre M\u00e1rio. Ernesto tenta descobrir sobre a paix\u00e3o de Luccino. Aur\u00e9lio confronta Edmundo. Brand\u00e3o conta a M\u00e1rio\/Mariana como o Motoqueiro Vermelho expulsou Uirapuru do Vale do Caf\u00e9. Ema e Ernesto tomam banho de cachoeira. Darcy e Elisabeta se preparam para voltar a S\u00e3o Paulo. <\/p>\n<p>Xavier amea\u00e7a M\u00e1rio\/Mariana, e Brand\u00e3o faz um alerta. O Bar\u00e3o garante a Ten\u00f3ria que esperar\u00e1 at\u00e9 que ela aceite conversar com o pai. Cec\u00edlia desconfia de que Fani tenha assustado Tib\u00farcio. Josephine se esconde no quarto de Tib\u00farcio. Ernesto e Ema selam sua despedida com um beijo. Am\u00e9lia pede que Mariko tente descobrir mais sobre seu estado de sa\u00fade. Camilo se reconcilia com Julieta. Darcy desconfia de um telefonema misterioso \u00e0 sua procura. Aur\u00e9lio conversa com Ema. Josephine se mostra para sua fam\u00edlia.<\/p>\n<p>(*) edi\u00e7\u00e3o da Rede Globo, Novela \u201cOrgulho e Paix\u00e3o\u201d, sujeito a altera\u00e7\u00e3o de data e conte\u00fado.No fict\u00edcio Vale do Caf\u00e9, interior de S\u00e3o Paulo, nossos personagens vivem seus conflitos sociais e de conduta, que sempre se contrap\u00f5em aos desejos pessoais de cada um. Elisabeta (Nathalia Dill) \u00e9 uma mulher \u00e0 frente do seu tempo, com pensamentos igualit\u00e1rios e interesses at\u00edpicos para uma jovem do in\u00edcio do s\u00e9culo XX. Ela deseja trabalhar, conhecer o mundo e \u00e9 incentivada a realizar seus sonhos pelo pai, Felisberto (Tato Gabus Mendes), que vive \u00e0s turras com a mulher, Of\u00e9lia (Vera Holtz), por pensarem diferente sobre a cria\u00e7\u00e3o das filhas. Ao todo, o casal teve cinco mulheres, e cada uma com uma personalidade diferente.<\/p>\n<p>A personagem de Nathalia Dill entrar\u00e1 em conflito quando se apaixonar por Darcy (Thiago Lacerda), um homem de car\u00e1ter e muito sisudo. O amor n\u00e3o \u00e9 \u00e0 primeira vista, j\u00e1 que os dois n\u00e3o se entendem assim que se conhecem. O sentimento de repulsa dar\u00e1 lugar a uma grande paix\u00e3o, que ser\u00e1 negada pelo casal o m\u00e1ximo poss\u00edvel. <\/p>\n","protected":false},"excerpt":{"rendered":"<p>Resumo novela \u201cOrgulho e Paix\u00e3o\u201d 25\/06 : no cap\u00edtulo 084(*) da novela \u201cOrgulho e Paix\u00e3o\u201d, resumo de segunda-feira, 25 de junho, Tib\u00farcio passa mal ao ver Josephine, que n\u00e3o acode o ex-marido. Aur\u00e9lio se decepciona com Jorge por causa de Ema. Cec\u00edlia afirma que Edmundo deve pedir desculpas a Ema. Tib\u00farcio revela ter visto Josephine, [&hellip;]<\/p>\n","protected":false},"author":2,"featured_media":140831,"comment_status":"open","ping_status":"closed","sticky":false,"template":"","format":"standard","meta":{"tdm_status":"","tdm_grid_status":"","footnotes":""},"categories":[379,467,375,343],"tags":[441],"class_list":{"0":"post-144647","1":"post","2":"type-post","3":"status-publish","4":"format-standard","5":"has-post-thumbnail","7":"category-novelas","8":"category-orgulho-e-paixao","9":"category-rede-globo","10":"category-televisao","11":"tag-resumo-do-dia"},"_links":{"self":[{"href":"https:\/\/migracao.redenoticia.com.br\/noticia\/wp-json\/wp\/v2\/posts\/144647","targetHints":{"allow":["GET"]}}],"collection":[{"href":"https:\/\/migracao.redenoticia.com.br\/noticia\/wp-json\/wp\/v2\/posts"}],"about":[{"href":"https:\/\/migracao.redenoticia.com.br\/noticia\/wp-json\/wp\/v2\/types\/post"}],"author":[{"embeddable":true,"href":"https:\/\/migracao.redenoticia.com.br\/noticia\/wp-json\/wp\/v2\/users\/2"}],"replies":[{"embeddable":true,"href":"https:\/\/migracao.redenoticia.com.br\/noticia\/wp-json\/wp\/v2\/comments?post=144647"}],"version-history":[{"count":0,"href":"https:\/\/migracao.redenoticia.com.br\/noticia\/wp-json\/wp\/v2\/posts\/144647\/revisions"}],"wp:featuredmedia":[{"embeddable":true,"href":"https:\/\/migracao.redenoticia.com.br\/noticia\/wp-json\/wp\/v2\/media\/140831"}],"wp:attachment":[{"href":"https:\/\/migracao.redenoticia.com.br\/noticia\/wp-json\/wp\/v2\/media?parent=144647"}],"wp:term":[{"taxonomy":"category","embeddable":true,"href":"https:\/\/migracao.redenoticia.com.br\/noticia\/wp-json\/wp\/v2\/categories?post=144647"},{"taxonomy":"post_tag","embeddable":true,"href":"https:\/\/migracao.redenoticia.com.br\/noticia\/wp-json\/wp\/v2\/tags?post=144647"}],"curies":[{"name":"wp","href":"https:\/\/api.w.org\/{rel}","templated":true}]}}