{"id":144874,"date":"2018-06-26T21:32:33","date_gmt":"2018-06-27T00:32:33","guid":{"rendered":"https:\/\/www.redenoticia.com.br\/noticia\/?p=144874"},"modified":"2018-06-26T21:32:33","modified_gmt":"2018-06-27T00:32:33","slug":"alunos-da-fatec-aracatuba-criam-aplicativo-para-criancas-autistas","status":"publish","type":"post","link":"https:\/\/migracao.redenoticia.com.br\/noticia\/2018\/alunos-da-fatec-aracatuba-criam-aplicativo-para-criancas-autistas\/144874","title":{"rendered":"Alunos da Fatec Ara\u00e7atuba criam aplicativo para crian\u00e7as autistas"},"content":{"rendered":"<p> Dois alunos da unidade Ara\u00e7atuba da Fatec (Faculdade de Tecnologia do Estado) criaram um aplicativo que auxilia o desenvolvimento escolar de crian\u00e7as com <strong><em>autismo<\/em><\/strong>. Yago Bracco e F\u00e1bio Yajima, formandos de An\u00e1lise e Desenvolvimento de Sistemas, se inspiraram na dificuldade no dia a dia de uma m\u00e3e com seu filho autista para criar o AutHelper.<\/p>\n<p>Constru\u00eddo como Trabalho de Conclus\u00e3o de Curso (TCC), e dispon\u00edvel para celulares e\u00a0tablets\u00a0que usam o sistema\u00a0Android, o software tem quatro atividades: dicion\u00e1rio, n\u00fameros, letras e figuras. Ao clicar em um dos \u00edcones, o usu\u00e1rio \u00e9 direcionado a um desafio, apresentado de forma pausada e com \u00edcones grandes para facilitar a compreens\u00e3o da tarefa.<\/p>\n<p>Para criar os exerc\u00edcios, os alunos levaram em considera\u00e7\u00e3o aspectos como as cores utilizadas em cada atividade e o n\u00edvel de aprendizado. \u201cO AutHelper trabalha com as necessidades naturais das crian\u00e7as com autismo. A inten\u00e7\u00e3o \u00e9 ajud\u00e1-las a aprender melhor as mat\u00e9rias did\u00e1ticas nas quais eles sentem um pouco de dificuldade na escola\u201d, explica Bracco.<\/p>\n<p>O trabalho, orientado pelo professor Ronnie Marcos Rillo, foi um dos tr\u00eas finalistas do 5\u00ba Desafio Inova Paula Souza de Ideias e Neg\u00f3cios, na categoria Educa\u00e7\u00e3o. O pr\u00eamio foi criado pelo Centro Paula Souza para incentivar pesquisas dos alunos das Fatecs e das Escolas T\u00e9cnicas (Etecs) de todo o Estado.<\/p>\n<p>De acordo com a diretora-superintendente do Centro Paula Souza, Laura Lagan\u00e1, o desafio \u00e9 uma oportunidade de mostrar as ideias criativas dos estudantes e incentivar o surgimento de novas\u00a0start-ups. \u201cA educa\u00e7\u00e3o voltada para o empreendedorismo \u00e9 o caminho para fortalecer a cultura de inova\u00e7\u00e3o e o desenvolvimento de novos neg\u00f3cios\u201d, afirmou.<\/p>\n<p>Uma importante base para a pesquisa dos estudantes teve inspira\u00e7\u00e3o no trabalho realizado no Centro de Recupera\u00e7\u00e3o e Integra\u00e7\u00e3o do Excepcional (Crie), de Guararapes, e no Instituto para Cegos Santa Luzia, de Ara\u00e7atuba.<\/p>\n<p>Os alunos agora buscam parceiros para seguir com as pesquisas e o aprimoramento do aplicativo. Uma vers\u00e3o gratuita para testes est\u00e1 dispon\u00edvel para download na Google Play, e os alunos dizem que o feedback \u00e9 fundamental para o aprimoramento do projeto.<\/p>\n<p>Do Portal do Governo SP<\/p>\n","protected":false},"excerpt":{"rendered":"<p>Dois alunos da unidade Ara\u00e7atuba da Fatec (Faculdade de Tecnologia do Estado) criaram um aplicativo que auxilia o desenvolvimento escolar de crian\u00e7as com autismo. Yago Bracco e F\u00e1bio Yajima, formandos de An\u00e1lise e Desenvolvimento de Sistemas, se inspiraram na dificuldade no dia a dia de uma m\u00e3e com seu filho autista para criar o AutHelper. [&hellip;]<\/p>\n","protected":false},"author":2,"featured_media":57577,"comment_status":"open","ping_status":"closed","sticky":false,"template":"","format":"standard","meta":{"tdm_status":"","tdm_grid_status":"","footnotes":""},"categories":[22,5],"tags":[],"class_list":{"0":"post-144874","1":"post","2":"type-post","3":"status-publish","4":"format-standard","5":"has-post-thumbnail","7":"category-brasil","8":"category-saude-e-vida"},"_links":{"self":[{"href":"https:\/\/migracao.redenoticia.com.br\/noticia\/wp-json\/wp\/v2\/posts\/144874","targetHints":{"allow":["GET"]}}],"collection":[{"href":"https:\/\/migracao.redenoticia.com.br\/noticia\/wp-json\/wp\/v2\/posts"}],"about":[{"href":"https:\/\/migracao.redenoticia.com.br\/noticia\/wp-json\/wp\/v2\/types\/post"}],"author":[{"embeddable":true,"href":"https:\/\/migracao.redenoticia.com.br\/noticia\/wp-json\/wp\/v2\/users\/2"}],"replies":[{"embeddable":true,"href":"https:\/\/migracao.redenoticia.com.br\/noticia\/wp-json\/wp\/v2\/comments?post=144874"}],"version-history":[{"count":0,"href":"https:\/\/migracao.redenoticia.com.br\/noticia\/wp-json\/wp\/v2\/posts\/144874\/revisions"}],"wp:featuredmedia":[{"embeddable":true,"href":"https:\/\/migracao.redenoticia.com.br\/noticia\/wp-json\/wp\/v2\/media\/57577"}],"wp:attachment":[{"href":"https:\/\/migracao.redenoticia.com.br\/noticia\/wp-json\/wp\/v2\/media?parent=144874"}],"wp:term":[{"taxonomy":"category","embeddable":true,"href":"https:\/\/migracao.redenoticia.com.br\/noticia\/wp-json\/wp\/v2\/categories?post=144874"},{"taxonomy":"post_tag","embeddable":true,"href":"https:\/\/migracao.redenoticia.com.br\/noticia\/wp-json\/wp\/v2\/tags?post=144874"}],"curies":[{"name":"wp","href":"https:\/\/api.w.org\/{rel}","templated":true}]}}