{"id":145191,"date":"2018-07-02T00:01:45","date_gmt":"2018-07-02T03:01:45","guid":{"rendered":"https:\/\/www.redenoticia.com.br\/noticia\/?p=145191"},"modified":"2018-07-02T00:01:45","modified_gmt":"2018-07-02T03:01:45","slug":"butantan-oferece-mba-em-gestao-da-inovacao-em-saude","status":"publish","type":"post","link":"https:\/\/migracao.redenoticia.com.br\/noticia\/2018\/butantan-oferece-mba-em-gestao-da-inovacao-em-saude\/145191","title":{"rendered":"Butantan oferece MBA em gest\u00e3o da inova\u00e7\u00e3o em sa\u00fade"},"content":{"rendered":"<p> Ag\u00eancia FAPESP\u00a0\u2013 O Instituto Butantan recebe, at\u00e9 10 de julho, inscri\u00e7\u00f5es para a nova turma do <strong><em>MBA Gest\u00e3o da Inova\u00e7\u00e3o em Sa\u00fade<\/em><\/strong>. O curso \u00e9 voltado para pesquisadores interessados em pesquisa aplicada, bem como para empreendedores e investidores que buscam nichos de mercado na \u00e1rea da Sa\u00fade.<\/p>\n<p>A carga hor\u00e1ria \u00e9 de 646 horas (360 horas presenciais e 286 horas de trabalho a dist\u00e2ncia). Com dura\u00e7\u00e3o de 18 meses, o curso \u00e9 formado por tr\u00eas ciclos, que se complementam promovendo a forma\u00e7\u00e3o do Gestor de Inova\u00e7\u00e3o: Inova\u00e7\u00e3o Propriedade Intelectual e Transfer\u00eancia de Tecnologia; Pesquisa, Desenvolvimento e Produ\u00e7\u00e3o em Sa\u00fade; e Parcerias, Neg\u00f3cios, Financiamento e Gest\u00e3o de Projetos Inovadores.<\/p>\n<p>O curso tem apoio do Centre of Excellence in New Target Discovery (), sediado no Instituto Butantan e financiado por FAPESP e GSK.<\/p>\n<p>O objetivo do curso \u00e9 capacitar profissionais para atuar nas \u00e1reas de inova\u00e7\u00e3o, gest\u00e3o estrat\u00e9gica, novos neg\u00f3cios, produtos ou servi\u00e7os e para transformar pesquisas cient\u00edficas em produtos inovadores na \u00e1rea de sa\u00fade, estimulando tratamentos de doen\u00e7as com novos f\u00e1rmacos, diagn\u00f3sticos, tratamentos cir\u00fargicos, terap\u00eauticos, al\u00e9m de novos equipamentos.<\/p>\n<p>\u201cO curso visa preencher uma importante lacuna do mercado entre a cria\u00e7\u00e3o cient\u00edfica e a materializa\u00e7\u00e3o de um produto de sa\u00fade originado por ela. Precisamos de mais profissionais preparados para conduzir as etapas de desenvolvimento de novos produtos, principalmente em um ambiente extremamente regulado como este\u201d, explica\u00a0, coordenadora-geral e de inova\u00e7\u00e3o do curso e coordenadora do CENTD.<\/p>\n<p>Segundo ela, o programa busca alinhar estrat\u00e9gias de inova\u00e7\u00e3o com o processo de desenvolvimento, \u201cdesde as ferramentas de pesquisa at\u00e9 a produ\u00e7\u00e3o e a comercializa\u00e7\u00e3o de produtos, viabilizando o dom\u00ednio de todo o arcabou\u00e7o legal necess\u00e1rio para transfer\u00eancia do conhecimento cient\u00edfico e tecnol\u00f3gico desenvolvido por Institui\u00e7\u00f5es de Ci\u00eancia, Tecnologia e Inova\u00e7\u00e3o para empresas que t\u00eam interesse em desenvolver e explorar comercialmente a tecnologia, seja por meio de novos produtos, processos ou aplica\u00e7\u00e3o em materiais e\/ou servi\u00e7os na \u00e1rea da sa\u00fade\u201d.<\/p>\n<p>Diferenciais do curso s\u00e3o a reuni\u00e3o de profissionais de diferentes segmentos e a aproxima\u00e7\u00e3o de pessoas oriundas de universidades e de empresas, o que possibilita a converg\u00eancia e o compartilhamento de informa\u00e7\u00f5es e torna o aprendizado muito mais amplo, complexo e completo.<\/p>\n<p>Com formato semipresencial (blended learning), o curso \u00e9 interativo e est\u00e1 estruturado para o desenvolvimento te\u00f3rico e pr\u00e1tico de profissionais, para que possam gerenciar todas as etapas do processo de inova\u00e7\u00e3o em sa\u00fade.<\/p>\n<p>Os encontros presenciais ocorrem mensalmente no Instituto Butantan e ser\u00e3o complementados por conte\u00fados disponibilizados na internet e atividades realizadas a dist\u00e2ncia.<\/p>\n<p>Mais informa\u00e7\u00f5es:\u00a0 <\/p>\n","protected":false},"excerpt":{"rendered":"<p>Ag\u00eancia FAPESP\u00a0\u2013 O Instituto Butantan recebe, at\u00e9 10 de julho, inscri\u00e7\u00f5es para a nova turma do MBA Gest\u00e3o da Inova\u00e7\u00e3o em Sa\u00fade. O curso \u00e9 voltado para pesquisadores interessados em pesquisa aplicada, bem como para empreendedores e investidores que buscam nichos de mercado na \u00e1rea da Sa\u00fade. A carga hor\u00e1ria \u00e9 de 646 horas (360 [&hellip;]<\/p>\n","protected":false},"author":2,"featured_media":37376,"comment_status":"open","ping_status":"closed","sticky":false,"template":"","format":"standard","meta":{"tdm_status":"","tdm_grid_status":"","footnotes":""},"categories":[22,351,370],"tags":[],"class_list":{"0":"post-145191","1":"post","2":"type-post","3":"status-publish","4":"format-standard","5":"has-post-thumbnail","7":"category-brasil","8":"category-cursos","9":"category-inscricao"},"_links":{"self":[{"href":"https:\/\/migracao.redenoticia.com.br\/noticia\/wp-json\/wp\/v2\/posts\/145191","targetHints":{"allow":["GET"]}}],"collection":[{"href":"https:\/\/migracao.redenoticia.com.br\/noticia\/wp-json\/wp\/v2\/posts"}],"about":[{"href":"https:\/\/migracao.redenoticia.com.br\/noticia\/wp-json\/wp\/v2\/types\/post"}],"author":[{"embeddable":true,"href":"https:\/\/migracao.redenoticia.com.br\/noticia\/wp-json\/wp\/v2\/users\/2"}],"replies":[{"embeddable":true,"href":"https:\/\/migracao.redenoticia.com.br\/noticia\/wp-json\/wp\/v2\/comments?post=145191"}],"version-history":[{"count":0,"href":"https:\/\/migracao.redenoticia.com.br\/noticia\/wp-json\/wp\/v2\/posts\/145191\/revisions"}],"wp:featuredmedia":[{"embeddable":true,"href":"https:\/\/migracao.redenoticia.com.br\/noticia\/wp-json\/wp\/v2\/media\/37376"}],"wp:attachment":[{"href":"https:\/\/migracao.redenoticia.com.br\/noticia\/wp-json\/wp\/v2\/media?parent=145191"}],"wp:term":[{"taxonomy":"category","embeddable":true,"href":"https:\/\/migracao.redenoticia.com.br\/noticia\/wp-json\/wp\/v2\/categories?post=145191"},{"taxonomy":"post_tag","embeddable":true,"href":"https:\/\/migracao.redenoticia.com.br\/noticia\/wp-json\/wp\/v2\/tags?post=145191"}],"curies":[{"name":"wp","href":"https:\/\/api.w.org\/{rel}","templated":true}]}}