{"id":145224,"date":"2018-07-01T23:57:52","date_gmt":"2018-07-02T02:57:52","guid":{"rendered":"https:\/\/www.redenoticia.com.br\/noticia\/?p=145224"},"modified":"2018-07-03T20:47:41","modified_gmt":"2018-07-03T23:47:41","slug":"novela-os-dez-mandamentos-resumo-03-07-miria-fica-completamente-curada","status":"publish","type":"post","link":"https:\/\/migracao.redenoticia.com.br\/noticia\/2018\/novela-os-dez-mandamentos-resumo-03-07-miria-fica-completamente-curada\/145224","title":{"rendered":"Novela \u201cOs Dez Mandamentos\u201d resumo 03\/07: Miri\u00e3 fica completamente curada"},"content":{"rendered":"<p> <img loading=\"lazy\" decoding=\"async\" src=\"https:\/\/migracao.redenoticia.com.br\/noticia\/imagens\/resumo_novela_os_dez_mandamentos_record-150x112.jpg\" alt=\"\" width=\"150\" height=\"112\" class=\"alignleft size-thumbnail wp-image-68037\" srcset=\"https:\/\/migracao.redenoticia.com.br\/noticia\/imagens\/resumo_novela_os_dez_mandamentos_record-150x112.jpg 150w, https:\/\/migracao.redenoticia.com.br\/noticia\/imagens\/resumo_novela_os_dez_mandamentos_record-265x198.jpg 265w\" sizes=\"auto, (max-width: 150px) 100vw, 150px\" \/><em><strong>Novela \u201cOs Dez Mandamentos\u201d resumo 03\/07<\/strong><\/em>: no capitulo 051 (*) da novela \u201cOs Dez Mandamentos\u201d, ter\u00e7a-feira, 03 de julho, uma semana depois, Cor\u00e1 avalia Bala\u00e3o e comprova que ele n\u00e3o tinha lepra. Bala\u00e3o pede a Cor\u00e1 para ir junto ver o estado de Miri\u00e3. Caravana dos mercadores chega a Hesbom. Leila, capturada, est\u00e1 no cavalo do l\u00edder. Ao perguntar o que era o local, o l\u00edder pede sil\u00eancio e a trata como escrava. Miri\u00e3 est\u00e1 fraca, com olhos vermelhos e pele danificada. Cor\u00e1 diz que ela n\u00e3o poder\u00e1 retornar a viver entre eles. Z\u00edpora e Miri\u00e3 rebatem. Uma luz vem do c\u00e9u, envolve Miri\u00e3, que fica completamente curada. Miri\u00e3 agradece e abra\u00e7a Z\u00edpora, emocionada. Z\u00edpora pergunta a Cor\u00e1 se ela e a irm\u00e3 podem voltar. Ar\u00e3o diz que precisa confirmar a cura primeiro. Bala\u00e3o diz a Cor\u00e1 que est\u00e1 surpreso com o milagre ocorrido. Na rua do com\u00e9rcio, Rishon e Jair conversam sobre a chegada de novas escravas e Jair demonstra interesse.<\/p>\n<p>Seon e Oren falam do interesse de Oren em Adira e da chegada dos hebreus. Miri\u00e3 e Z\u00edpora se encontram com Cor\u00e1 e Ar\u00e3o e eles avisam que elas podem retornar ao acampamento depois de terminar o procedimento de purifica\u00e7\u00e3o. Z\u00edpora e Miri\u00e3 entram no rio para se banhar e saem. O leil\u00e3o pelas escravas come\u00e7a, Rishon demonstra interesse em Leila. Z\u00edpora e Miri\u00e3 chegam ao acampamento, Ar\u00e3o realiza o processo de purifica\u00e7\u00e3o e Miri\u00e3 \u00e9 abra\u00e7ada por todos. Balaque, Elda e Zur falam sobre a chegada dos hebreus e o plano de Cor\u00e1 roubar a lideran\u00e7a de Mois\u00e9s. Cor\u00e1 sai com Assir e Elcana. Mois\u00e9s convida Miri\u00e3 e Hur para morarem junto com ele e eles aceitam. O mercador mostra que Leila est\u00e1 gr\u00e1vida e inicia a sua venda. Rishon oferece dinheiro e encontra um concorrente para a compra.<\/p>\n<p>Cor\u00e1 diz a Dat\u00e3 e Abir\u00e3o que Bala\u00e3o estava presente quando Miri\u00e3 foi curada e ressalta que ser\u00e1 l\u00edder dos hebreus em pouco tempo. Bina e Libna conversam sobre a rela\u00e7\u00e3o de Abir\u00e3o e Tales e Bina diz que h\u00e1 necessidade de arrumar um pretendente a Dum\u00e1. Tales conversa com Yarin e diz que estava com ci\u00fames e nunca pretendeu se matar de verdade. Z\u00edpora conta a Gerson, Eliezer e Mois\u00e9s sobre a ovelha que estava na caverna e Mois\u00e9s fala da import\u00e2ncia de estar atento aos sinais de Deus. Miri\u00e3 e Hur chegam \u00e0 tenda de Mois\u00e9s, se desculpam e se abra\u00e7am. Rishon chega com Leila e apresenta a Dorcas. Leila pede ajuda a Dorcas, que diz que n\u00e3o deixar\u00e1 ningu\u00e9m encostar nela enquanto estiver gr\u00e1vida.  <\/p>\n<p>(*) edi\u00e7\u00e3o da Rede Record, Novela \u201cOs Dez Mandamentos\u201d, sujeito a altera\u00e7\u00e3o de data e conte\u00fado.<\/p>\n<p>\u201cOs Dez Mandamentos\u201d \u00e9 uma telenovela brasileira produzida e exibida pela RecordTV, tendo sua primeira temporada exibida entre 23 de mar\u00e7o e 23 de novembro de 2015 em 176 cap\u00edtulos, substituindo Vit\u00f3ria, e sendo substitu\u00edda pela reprise de Rei Davi. A segunda temporada foi produzida pela Casablanca e exibida de 04 de abril a 04 de julho de 2016 em 66 cap\u00edtulos, substituindo a reprise de Sans\u00e3o e Dalila e sendo substitu\u00edda por A Terra Prometida.<\/p>\n","protected":false},"excerpt":{"rendered":"<p>Novela \u201cOs Dez Mandamentos\u201d resumo 03\/07: no capitulo 051 (*) da novela \u201cOs Dez Mandamentos\u201d, ter\u00e7a-feira, 03 de julho, uma semana depois, Cor\u00e1 avalia Bala\u00e3o e comprova que ele n\u00e3o tinha lepra. Bala\u00e3o pede a Cor\u00e1 para ir junto ver o estado de Miri\u00e3. Caravana dos mercadores chega a Hesbom. Leila, capturada, est\u00e1 no cavalo [&hellip;]<\/p>\n","protected":false},"author":2,"featured_media":68037,"comment_status":"open","ping_status":"closed","sticky":false,"template":"","format":"standard","meta":{"tdm_status":"","tdm_grid_status":"","footnotes":""},"categories":[379,424,371,343],"tags":[441],"class_list":{"0":"post-145224","1":"post","2":"type-post","3":"status-publish","4":"format-standard","5":"has-post-thumbnail","7":"category-novelas","8":"category-os-dez-mandamentos","9":"category-rede-record","10":"category-televisao","11":"tag-resumo-do-dia"},"_links":{"self":[{"href":"https:\/\/migracao.redenoticia.com.br\/noticia\/wp-json\/wp\/v2\/posts\/145224","targetHints":{"allow":["GET"]}}],"collection":[{"href":"https:\/\/migracao.redenoticia.com.br\/noticia\/wp-json\/wp\/v2\/posts"}],"about":[{"href":"https:\/\/migracao.redenoticia.com.br\/noticia\/wp-json\/wp\/v2\/types\/post"}],"author":[{"embeddable":true,"href":"https:\/\/migracao.redenoticia.com.br\/noticia\/wp-json\/wp\/v2\/users\/2"}],"replies":[{"embeddable":true,"href":"https:\/\/migracao.redenoticia.com.br\/noticia\/wp-json\/wp\/v2\/comments?post=145224"}],"version-history":[{"count":0,"href":"https:\/\/migracao.redenoticia.com.br\/noticia\/wp-json\/wp\/v2\/posts\/145224\/revisions"}],"wp:featuredmedia":[{"embeddable":true,"href":"https:\/\/migracao.redenoticia.com.br\/noticia\/wp-json\/wp\/v2\/media\/68037"}],"wp:attachment":[{"href":"https:\/\/migracao.redenoticia.com.br\/noticia\/wp-json\/wp\/v2\/media?parent=145224"}],"wp:term":[{"taxonomy":"category","embeddable":true,"href":"https:\/\/migracao.redenoticia.com.br\/noticia\/wp-json\/wp\/v2\/categories?post=145224"},{"taxonomy":"post_tag","embeddable":true,"href":"https:\/\/migracao.redenoticia.com.br\/noticia\/wp-json\/wp\/v2\/tags?post=145224"}],"curies":[{"name":"wp","href":"https:\/\/api.w.org\/{rel}","templated":true}]}}