{"id":145453,"date":"2018-07-05T00:05:11","date_gmt":"2018-07-05T03:05:11","guid":{"rendered":"https:\/\/www.redenoticia.com.br\/noticia\/?p=145453"},"modified":"2018-07-05T00:05:11","modified_gmt":"2018-07-05T03:05:11","slug":"sp-escola-de-teatro-abre-vagas-para-cursos-regulares-em-setembro","status":"publish","type":"post","link":"https:\/\/migracao.redenoticia.com.br\/noticia\/2018\/sp-escola-de-teatro-abre-vagas-para-cursos-regulares-em-setembro\/145453","title":{"rendered":"SP Escola de Teatro abre vagas para cursos regulares em setembro"},"content":{"rendered":"<p> Entre setembro e outubro de 2018, a <strong><em>SP Escola de Teatro<\/em><\/strong> \u2013 Centro de Forma\u00e7\u00e3o das Artes do Palco abre inscri\u00e7\u00f5es de seus cursos regulares para as turmas de primeiro semestre de 2019. O site e as redes sociais devem soltar informativos aos interessados para que n\u00e3o percam os prazos.<\/p>\n<p>Nesta primeira semana de julho, uma nova turma aprovada come\u00e7a o semestre. A matr\u00edcula dos selecionados ser\u00e1 realizada via internet. E, caso haja uma lista de remanejamento, ela ser\u00e1 divulgada no pr\u00f3ximo 6 de julho.<\/p>\n<p>A sele\u00e7\u00e3o, que aconteceu entre maio e junho, recebeu 691 inscri\u00e7\u00f5es. Os participantes foram avaliados por meio de provas de reda\u00e7\u00e3o, entrevistas e testes pr\u00e1ticos.<\/p>\n<p>\u201cPessoas do meio come\u00e7aram a se reunir pensando que ela poderia ser uma escola de forma\u00e7\u00e3o t\u00e9cnica, com aulas de ilumina\u00e7\u00e3o, sonoplastia, figurino. Mas para que esse aprendizado se desse de uma forma mais completa, seria interessante termos cursos que pudessem dialogar com o que \u00e9 t\u00e9cnico, mas tamb\u00e9m com o que \u00e9 art\u00edstico, como dramaturgia, atua\u00e7\u00e3o, dire\u00e7\u00e3o, al\u00e9m do nosso interesse em penetrar em algo de teor mais c\u00f4mico, e por isso as aulas de humor\u201d, conta o\u00a0coordenador da companhia, Raul Barretto.<\/p>\n<p>O tamb\u00e9m coordenador da escola, Hugo Possolo, falou sobre o processo seletivo da SP, que \u00e9 bastante rigoroso. \u201cAs reda\u00e7\u00f5es s\u00e3o avaliadas pelo Instituto Mais, que trabalha em parceria conosco, o que \u00e9 previsto por lei. Mas tamb\u00e9m propomos uma entrevista com os candidatos, papos de quatro a cinco minutos. Temos uma proposta pedag\u00f3gica avan\u00e7ada, diferenciada e modular, e dialogar, descobrir o hist\u00f3rico dele, o que ele j\u00e1 passou, pode ajudar at\u00e9 a indicarmos outros caminhos curriculares para eles. Aqui temos foco de aprimoramento, o que muda bastante o perfil do aluno da escola\u201d, explicou.<\/p>\n<p>Mais especificamente falando sobre o curso de Dramaturgia, um dos mais concorridos da casa, a jornalista, curadora teatral e dramaturga, Marici Salom\u00e3o, explica que a SP \u00e9 mesmo uma escola diferenciada.<\/p>\n<p>\u201cTodo mundo pode fazer teatro, claro. Mas quem \u00e9 que fica? Quem tem voca\u00e7\u00e3o para ficar, apesar de todos os desafios? Dramaturgia \u00e9 compor, organizar o trabalho em cena. Essa escola tem duas caracter\u00edsticas muito fortes: somos do fazer, mesmo com teoria e com m\u00e9todo. Acreditamos que n\u00e3o podemos ser ref\u00e9ns da teoria, somos do experimentar com sensibilidade. E por fim, a nossa cultura mais horizontal, a mistura de todas as \u201cfrutas\u201d para conseguirmos criar condutas pr\u00f3prias e sermos originais\u201d, explica.<\/p>\n<p>A institui\u00e7\u00e3o, vinculada \u00e0 Secretaria da Cultura do Estado de S\u00e3o Paulo, \u00e9 gerida pela Associa\u00e7\u00e3o dos Artistas Amigos da Pra\u00e7a (Adaap). Rodolfo Garc\u00eda V\u00e1zquez, coordenador do curso de Dire\u00e7\u00e3o, complementa as palavras de Marici.<\/p>\n<p>\u201cA dire\u00e7\u00e3o teatral \u00e9 uma arte bastante interessante porque trabalha com a quest\u00e3o do texto e da dramaturgia na cena, a quest\u00e3o do tempo, a sucess\u00e3o de eventos para criar efeito no espectador, quest\u00f5es de espa\u00e7o da a\u00e7\u00e3o c\u00eanica, a imagem, elementos de constru\u00e7\u00e3o sens\u00edveis, o ritmo. O tempo te faz ficar \u00e0 vontade para brincar com a linguagem e \u00e9 preciso de tempo para entender os c\u00f3digos, perder a ansiedade. \u00c9 um pouco disso que trabalhamos aqui\u201d.<\/p>\n<p>Do Portal do Governo SP<\/p>\n","protected":false},"excerpt":{"rendered":"<p>Entre setembro e outubro de 2018, a SP Escola de Teatro \u2013 Centro de Forma\u00e7\u00e3o das Artes do Palco abre inscri\u00e7\u00f5es de seus cursos regulares para as turmas de primeiro semestre de 2019. O site e as redes sociais devem soltar informativos aos interessados para que n\u00e3o percam os prazos. Nesta primeira semana de julho, [&hellip;]<\/p>\n","protected":false},"author":2,"featured_media":28951,"comment_status":"open","ping_status":"closed","sticky":false,"template":"","format":"standard","meta":{"tdm_status":"","tdm_grid_status":"","footnotes":""},"categories":[22,351,370],"tags":[],"class_list":{"0":"post-145453","1":"post","2":"type-post","3":"status-publish","4":"format-standard","5":"has-post-thumbnail","7":"category-brasil","8":"category-cursos","9":"category-inscricao"},"_links":{"self":[{"href":"https:\/\/migracao.redenoticia.com.br\/noticia\/wp-json\/wp\/v2\/posts\/145453","targetHints":{"allow":["GET"]}}],"collection":[{"href":"https:\/\/migracao.redenoticia.com.br\/noticia\/wp-json\/wp\/v2\/posts"}],"about":[{"href":"https:\/\/migracao.redenoticia.com.br\/noticia\/wp-json\/wp\/v2\/types\/post"}],"author":[{"embeddable":true,"href":"https:\/\/migracao.redenoticia.com.br\/noticia\/wp-json\/wp\/v2\/users\/2"}],"replies":[{"embeddable":true,"href":"https:\/\/migracao.redenoticia.com.br\/noticia\/wp-json\/wp\/v2\/comments?post=145453"}],"version-history":[{"count":0,"href":"https:\/\/migracao.redenoticia.com.br\/noticia\/wp-json\/wp\/v2\/posts\/145453\/revisions"}],"wp:featuredmedia":[{"embeddable":true,"href":"https:\/\/migracao.redenoticia.com.br\/noticia\/wp-json\/wp\/v2\/media\/28951"}],"wp:attachment":[{"href":"https:\/\/migracao.redenoticia.com.br\/noticia\/wp-json\/wp\/v2\/media?parent=145453"}],"wp:term":[{"taxonomy":"category","embeddable":true,"href":"https:\/\/migracao.redenoticia.com.br\/noticia\/wp-json\/wp\/v2\/categories?post=145453"},{"taxonomy":"post_tag","embeddable":true,"href":"https:\/\/migracao.redenoticia.com.br\/noticia\/wp-json\/wp\/v2\/tags?post=145453"}],"curies":[{"name":"wp","href":"https:\/\/api.w.org\/{rel}","templated":true}]}}