{"id":145636,"date":"2018-07-19T20:42:11","date_gmt":"2018-07-19T23:42:11","guid":{"rendered":"https:\/\/www.redenoticia.com.br\/noticia\/?p=145636"},"modified":"2018-07-20T18:57:51","modified_gmt":"2018-07-20T21:57:51","slug":"novela-o-tempo-nao-para-sinopse-familia-do-seculo-xix-desperta-no-seculo-xxi","status":"publish","type":"post","link":"https:\/\/migracao.redenoticia.com.br\/noticia\/2018\/novela-o-tempo-nao-para-sinopse-familia-do-seculo-xix-desperta-no-seculo-xxi\/145636","title":{"rendered":"Novela &#8220;O Tempo N\u00e3o Para&#8221; Sinopse: fam\u00edlia do s\u00e9culo XIX desperta no s\u00e9culo XXI"},"content":{"rendered":"<p><img loading=\"lazy\" decoding=\"async\" class=\"alignleft size-thumbnail wp-image-146653\" src=\"https:\/\/migracao.redenoticia.com.br\/noticia\/imagens\/o-tempo-nao-para-novela-resumo-globo-150x112.jpg\" alt=\"\" width=\"150\" height=\"112\" srcset=\"https:\/\/migracao.redenoticia.com.br\/noticia\/imagens\/o-tempo-nao-para-novela-resumo-globo-150x112.jpg 150w, https:\/\/migracao.redenoticia.com.br\/noticia\/imagens\/o-tempo-nao-para-novela-resumo-globo-265x198.jpg 265w\" sizes=\"auto, (max-width: 150px) 100vw, 150px\" \/><strong><em>Novela &#8220;O Tempo N\u00e3o Para&#8221; Sinopse<\/em><\/strong>: Anos de avan\u00e7os e descobertas que moldaram costumes, h\u00e1bitos e linguagens da sociedade contempor\u00e2nea v\u00e3o gerar um choque em uma abastada fam\u00edlia do s\u00e9culo XIX que desperta no s\u00e9culo XXI. Por 132 anos, os Sabino Machado e seus agregados ficaram congelados, dentro de um bloco de gelo, enquanto a vida l\u00e1 fora passava. Agora, v\u00e3o despertar em uma S\u00e3o Paulo pulsante e turbulenta e se deparar com a sociedade em pleno 2018. &#8220;O Tempo N\u00e3o Para&#8221;, nova novela das 7, \u00e9 escrita por Mario Teixeira e tem dire\u00e7\u00e3o art\u00edstica de Leonardo Nogueira.<\/p>\n<p>Destaques<\/p>\n<p>Na Novela &#8220;O Tempo N\u00e3o Para&#8221;, em 1886, a fam\u00edlia Sabino Machado, moradora de S\u00e3o Paulo e detentora de extensas terras para explora\u00e7\u00e3o de ouro e min\u00e9rio e investimentos em telefonia, embarca em um dos mais seguros navios da \u00e9poca, o Albatroz, a caminho da Europa. Dom Sabino (Edson Celulari), um fiel s\u00fadito da monarquia que sonha com um t\u00edtulo da nobreza, planeja a viagem para conhecer o estaleiro que comprou na Inglaterra. E tamb\u00e9m manter longe do falat\u00f3rio da cidade a filha, Marocas (Juliana Paiva), que havia acabado de recusar um casamento no altar. A viagem tem um desvio de rota para uma breve visita \u00e0 Patag\u00f4nia. \u00c9 justamente a\u00ed que o Albatroz se choca com um iceberg.<\/p>\n<p>O navio naufraga e, devido \u00e0 baixa temperatura da \u00e1gua, grande parte dos passageiros da Novela &#8220;O Tempo N\u00e3o Para&#8221; acaba congelando. No total, s\u00e3o treze pessoas: a fam\u00edlia Sabino Machado, composta por Dom Sabino (Edson Celulari), Dona Agustina (Rosi Campos), Marocas (Juliana Paiva) e as g\u00eameas Nico (Raphaela Alvitos) e Kiki (Nathalia Rodrigues), al\u00e9m dos escravos Dam\u00e1sia (Aline Dias), Cairu (Cris Vianna), Ces\u00e1ria (Olivia Araujo), Menelau (David Junior) e Cec\u00edlio (Maicon Rodrigues), o guarda-livros Te\u00f3filo (Kiko Mascarenhas), a preceptora Miss Celine (Maria Eduarda de Carvalho) e o jovem Bento (Bruno Montaleone), al\u00e9m do c\u00e3o fox terrier Pirata.<\/p>\n<p>Um imenso bloco de gelo se aproxima da praia do Guaruj\u00e1, em S\u00e3o Paulo, 132 anos depois. Samuca (Nicolas Prattes), empres\u00e1rio engajado em causas sociais, humanista e dono da holding SamVita e da Funda\u00e7\u00e3o Vita, focada em reciclagem, est\u00e1 surfando e \u00e9 o primeiro a avistar aquele monumento. O filho de Carmen (Christiane Torloni) fica intrigado com o imenso bloco, perplexo e fascinado ainda mais pelo rosto sereno e belo de Marocas, emoldurado pelo gelo transl\u00facido. Uma fissura amea\u00e7a partir o bloco e Samuca, no \u00edmpeto de salvar Marocas, se agarra ao peda\u00e7o do iceberg em que ela est\u00e1. Eles s\u00e3o puxados pela corrente para o fundo e chegam \u00e0 fict\u00edcia Ilha Vermelha da Novela &#8220;O Tempo N\u00e3o Para&#8221;.<\/p>\n<p>J\u00e1 os demais congelados s\u00e3o levados para a Criotec, laborat\u00f3rio especializado em criogenia, que \u00e9 o estudo de baixas temperaturas. A chegada do iceberg se torna caso de seguran\u00e7a de estado e gera curiosidade e como\u00e7\u00e3o nacional. Aos poucos, cada um dos congelados despertar\u00e1 \u00e0 sua maneira e ter\u00e1 que enfrentar a realidade contempor\u00e2nea e as particularidades das rela\u00e7\u00f5es humanas no s\u00e9culo XXI.<\/p>\n<p>Escrita por Mario Teixeira e com dire\u00e7\u00e3o art\u00edstica de Leonardo Nogueira, a pr\u00f3xima novela das 7, &#8220;O Tempo N\u00e3o Para&#8221;, est\u00e1 prevista para estrear em julho. A trama conta com colabora\u00e7\u00e3o de B\u00edbi Da Pieve e Tarc\u00edsio Lara Puiati, e dire\u00e7\u00e3o-geral de Marcelo Travesso e Adriano Melo.<\/p>\n<p>Fonte Novela &#8220;O Tempo N\u00e3o Para&#8221;<\/p>\n","protected":false},"excerpt":{"rendered":"<p>Novela &#8220;O Tempo N\u00e3o Para&#8221; Sinopse: Anos de avan\u00e7os e descobertas que moldaram costumes, h\u00e1bitos e linguagens da sociedade contempor\u00e2nea v\u00e3o gerar um choque em uma abastada fam\u00edlia do s\u00e9culo XIX que desperta no s\u00e9culo XXI. Por 132 anos, os Sabino Machado e seus agregados ficaram congelados, dentro de um bloco de gelo, enquanto a [&hellip;]<\/p>\n","protected":false},"author":2,"featured_media":146653,"comment_status":"open","ping_status":"closed","sticky":false,"template":"","format":"standard","meta":{"tdm_status":"","tdm_grid_status":"","footnotes":""},"categories":[379,490,375,343],"tags":[440],"class_list":{"0":"post-145636","1":"post","2":"type-post","3":"status-publish","4":"format-standard","5":"has-post-thumbnail","7":"category-novelas","8":"category-o-tempo-nao-para","9":"category-rede-globo","10":"category-televisao","11":"tag-noticia-novela"},"_links":{"self":[{"href":"https:\/\/migracao.redenoticia.com.br\/noticia\/wp-json\/wp\/v2\/posts\/145636","targetHints":{"allow":["GET"]}}],"collection":[{"href":"https:\/\/migracao.redenoticia.com.br\/noticia\/wp-json\/wp\/v2\/posts"}],"about":[{"href":"https:\/\/migracao.redenoticia.com.br\/noticia\/wp-json\/wp\/v2\/types\/post"}],"author":[{"embeddable":true,"href":"https:\/\/migracao.redenoticia.com.br\/noticia\/wp-json\/wp\/v2\/users\/2"}],"replies":[{"embeddable":true,"href":"https:\/\/migracao.redenoticia.com.br\/noticia\/wp-json\/wp\/v2\/comments?post=145636"}],"version-history":[{"count":0,"href":"https:\/\/migracao.redenoticia.com.br\/noticia\/wp-json\/wp\/v2\/posts\/145636\/revisions"}],"wp:featuredmedia":[{"embeddable":true,"href":"https:\/\/migracao.redenoticia.com.br\/noticia\/wp-json\/wp\/v2\/media\/146653"}],"wp:attachment":[{"href":"https:\/\/migracao.redenoticia.com.br\/noticia\/wp-json\/wp\/v2\/media?parent=145636"}],"wp:term":[{"taxonomy":"category","embeddable":true,"href":"https:\/\/migracao.redenoticia.com.br\/noticia\/wp-json\/wp\/v2\/categories?post=145636"},{"taxonomy":"post_tag","embeddable":true,"href":"https:\/\/migracao.redenoticia.com.br\/noticia\/wp-json\/wp\/v2\/tags?post=145636"}],"curies":[{"name":"wp","href":"https:\/\/api.w.org\/{rel}","templated":true}]}}