{"id":145648,"date":"2018-07-19T20:44:27","date_gmt":"2018-07-19T23:44:27","guid":{"rendered":"https:\/\/www.redenoticia.com.br\/noticia\/?p=145648"},"modified":"2018-07-20T18:56:58","modified_gmt":"2018-07-20T21:56:58","slug":"novela-o-tempo-nao-para-protagonistas-elenco-e-personagens","status":"publish","type":"post","link":"https:\/\/migracao.redenoticia.com.br\/noticia\/2018\/novela-o-tempo-nao-para-protagonistas-elenco-e-personagens\/145648","title":{"rendered":"Novela &#8220;O Tempo N\u00e3o Para&#8221;: protagonistas, elenco e personagens"},"content":{"rendered":"<p><img loading=\"lazy\" decoding=\"async\" src=\"https:\/\/migracao.redenoticia.com.br\/noticia\/imagens\/o-tempo-nao-para-novela-resumo-globo-150x112.jpg\" alt=\"\" width=\"150\" height=\"112\" class=\"alignleft size-thumbnail wp-image-146653\" srcset=\"https:\/\/migracao.redenoticia.com.br\/noticia\/imagens\/o-tempo-nao-para-novela-resumo-globo-150x112.jpg 150w, https:\/\/migracao.redenoticia.com.br\/noticia\/imagens\/o-tempo-nao-para-novela-resumo-globo-265x198.jpg 265w\" sizes=\"auto, (max-width: 150px) 100vw, 150px\" \/><strong><em>Novela &#8220;O Tempo N\u00e3o Para&#8221;<\/em><\/strong>: J\u00e1 pensou como seria sua vida se congelasse no tempo e acordasse mais de 100 anos depois? Sucessora de Deus Salve O Rei no hor\u00e1rio das 19h, &#8220;O Tempo N\u00e3o Para&#8221; prop\u00f5e uma reflex\u00e3o sobre a realidade contempor\u00e2nea e particularidades do s\u00e9culo XXI. Escrita por Mario Teixeira e com dire\u00e7\u00e3o art\u00edstica de Leonardo Nogueira, a pr\u00f3xima novela das 7, O Tempo N\u00e3o Para, est\u00e1 prevista para estrear em julho. A trama conta com colabora\u00e7\u00e3o de B\u00edbi Da Pieve e Tarc\u00edsio Lara Puiati, e dire\u00e7\u00e3o-geral de Marcelo Travesso e Adriano Melo. Novela &#8220;O Tempo N\u00e3o Para&#8221; protagonistas, elenco e personagens:<\/p>\n<p>OS CONGELADOS da Novela &#8220;O Tempo N\u00e3o Para&#8221;<br \/>\nJuliana Paiva \u00e9 Marocas;<br \/>\nEdson Celulari \u00e9 Dom Sabino;<br \/>\nRosi Campos \u00e9 Agustina;<br \/>\nMaria Eduarda de Carvalho \u00e9 Miss Celine;<br \/>\nDavid Junior \u00e9 Menelau;<br \/>\nAline Dias \u00e9 Dam\u00e1sia;<br \/>\nCris Vianna \u00e9 Cairu;<br \/>\nBruno Montaleone \u00e9 Bento;<br \/>\nOl\u00edvia Ara\u00fajo \u00e9 Ces\u00e1ria;<br \/>\nKiko Mascarenhas \u00e9 Te\u00f3filo, bra\u00e7o direito de Dom Sabino;<br \/>\nRaphaela Alvittos e Nath\u00e1lia Gon\u00e7alves s\u00e3o Nico e Kiki.<\/p>\n<p>Destaques<\/p>\n<p>CONTEMPOR\u00c2NEOS da Novela &#8220;O Tempo N\u00e3o Para&#8221;:<br \/>\nNicolas Prattes \u00e9 Samuca;<br \/>\nCleo \u00e9 Betina, noiva de Samuca;<br \/>\nChristiane Torloni \u00e9 Carmem;<br \/>\nFelipe Simas \u00e9 Elmo;<br \/>\nCarol Castro \u00e9 Waleska, oficial da Marinha;<br \/>\nAdriane Galisteu \u00e9 a vil\u00e3 Zelda;<br \/>\nRegiane Alves \u00e9 Mariacarla;<br \/>\nJo\u00e3o Baldasserini \u00e9 Em\u00edlio;<br \/>\nSolange Couto \u00e9 Coronela;<br \/>\nRaphael Vianna \u00e9 Mateus, capit\u00e3o da Marinha;<br \/>\nEva Wima \u00e9 Petra;<br \/>\nMilton Gon\u00e7alves \u00e9 Eliseu;<br \/>\nLuiz Fernando Guimar\u00e3es \u00e9 Amadeu;<br \/>\nCarol Macedo \u00e9 Paulina;<br \/>\nMicael Borges \u00e9 Lal\u00e1;<br \/>\nRui Ricardo Diaz \u00e9 Bar\u00e3o;<br \/>\nJuliana Alves \u00e9 Maz\u00e9;<br \/>\nAlexandra Richter \u00e9 Monalisa;<br \/>\nMarcos Pasquim \u00e9 Marino;<br \/>\nMax Lima \u00e9 Omar;<br \/>\nCyria Coentro \u00e9 Marciana;<br \/>\nLucy Ramos \u00e9 Vanda;<br \/>\nRafaela Mandelli \u00e9 Helen;<br \/>\nWagner Santisteban \u00e9 Pedro;<br \/>\nBia Montez \u00e9 Januza;<br \/>\nClaudio Mendes \u00e9 Herberto;<br \/>\nFhelipe Gomes \u00e9 Lucas;<br \/>\nMalu Falangola \u00e9 Nat\u00e1lia.<br \/>\nE mais: Ricardo Duque (Flor\u00eancio), Jo\u00e3o Fernandes (Gabiru), Beatriz Campos (Governanta Agnese), entre outros.<\/p>\n<p>Fonte Novela &#8220;O Tempo N\u00e3o Para&#8221; protagonistas, elenco e personagens<\/p>\n","protected":false},"excerpt":{"rendered":"<p>Novela &#8220;O Tempo N\u00e3o Para&#8221;: J\u00e1 pensou como seria sua vida se congelasse no tempo e acordasse mais de 100 anos depois? Sucessora de Deus Salve O Rei no hor\u00e1rio das 19h, &#8220;O Tempo N\u00e3o Para&#8221; prop\u00f5e uma reflex\u00e3o sobre a realidade contempor\u00e2nea e particularidades do s\u00e9culo XXI. Escrita por Mario Teixeira e com dire\u00e7\u00e3o [&hellip;]<\/p>\n","protected":false},"author":2,"featured_media":146653,"comment_status":"open","ping_status":"closed","sticky":false,"template":"","format":"standard","meta":{"tdm_status":"","tdm_grid_status":"","footnotes":""},"categories":[379,490,375,343],"tags":[440],"class_list":{"0":"post-145648","1":"post","2":"type-post","3":"status-publish","4":"format-standard","5":"has-post-thumbnail","7":"category-novelas","8":"category-o-tempo-nao-para","9":"category-rede-globo","10":"category-televisao","11":"tag-noticia-novela"},"_links":{"self":[{"href":"https:\/\/migracao.redenoticia.com.br\/noticia\/wp-json\/wp\/v2\/posts\/145648","targetHints":{"allow":["GET"]}}],"collection":[{"href":"https:\/\/migracao.redenoticia.com.br\/noticia\/wp-json\/wp\/v2\/posts"}],"about":[{"href":"https:\/\/migracao.redenoticia.com.br\/noticia\/wp-json\/wp\/v2\/types\/post"}],"author":[{"embeddable":true,"href":"https:\/\/migracao.redenoticia.com.br\/noticia\/wp-json\/wp\/v2\/users\/2"}],"replies":[{"embeddable":true,"href":"https:\/\/migracao.redenoticia.com.br\/noticia\/wp-json\/wp\/v2\/comments?post=145648"}],"version-history":[{"count":0,"href":"https:\/\/migracao.redenoticia.com.br\/noticia\/wp-json\/wp\/v2\/posts\/145648\/revisions"}],"wp:featuredmedia":[{"embeddable":true,"href":"https:\/\/migracao.redenoticia.com.br\/noticia\/wp-json\/wp\/v2\/media\/146653"}],"wp:attachment":[{"href":"https:\/\/migracao.redenoticia.com.br\/noticia\/wp-json\/wp\/v2\/media?parent=145648"}],"wp:term":[{"taxonomy":"category","embeddable":true,"href":"https:\/\/migracao.redenoticia.com.br\/noticia\/wp-json\/wp\/v2\/categories?post=145648"},{"taxonomy":"post_tag","embeddable":true,"href":"https:\/\/migracao.redenoticia.com.br\/noticia\/wp-json\/wp\/v2\/tags?post=145648"}],"curies":[{"name":"wp","href":"https:\/\/api.w.org\/{rel}","templated":true}]}}