{"id":145773,"date":"2018-07-10T00:55:23","date_gmt":"2018-07-10T03:55:23","guid":{"rendered":"https:\/\/www.redenoticia.com.br\/noticia\/?p=145773"},"modified":"2018-07-10T00:55:23","modified_gmt":"2018-07-10T03:55:23","slug":"rondonia-confirma-primeiro-caso-de-sarampo-desde-1999","status":"publish","type":"post","link":"https:\/\/migracao.redenoticia.com.br\/noticia\/2018\/rondonia-confirma-primeiro-caso-de-sarampo-desde-1999\/145773","title":{"rendered":"Rond\u00f4nia confirma primeiro caso de sarampo desde 1999"},"content":{"rendered":"<p> A Secretaria de Sa\u00fade de Rond\u00f4nia confirmou o primeiro caso de <strong><em>sarampo<\/em><\/strong> no estado. Um outro caso j\u00e1 testou positivo para a doen\u00e7a, mas aguarda resultado de contraprova, a ser enviado pela Funda\u00e7\u00e3o Oswaldo Cruz, para ser oficialmente contabilizado. Rond\u00f4nia n\u00e3o tinha registros de sarampo desde 1999.<\/p>\n<p>Em entrevista \u00e0 Ag\u00eancia Brasil, a diretora da Ag\u00eancia de Vigil\u00e2ncia em Sa\u00fade do estado, Arlete Baldez, explicou que os pacientes s\u00e3o uma crian\u00e7a de 4 meses que mora em Porto Velho e uma mulher de 25 anos que vive no munic\u00edpio de Vilhena. Ambas estiveram em Manaus, onde h\u00e1 surto da doen\u00e7a.<\/p>\n<p>\u201cQuase 20 anos depois do \u00faltimo registro, surgem esses dois casos de sarampo, decorrentes da epidemia na Venezuela, que est\u00e1 com fluxo migrat\u00f3rio para v\u00e1rios pa\u00edses, inclusive o Brasil\u201d, disse. \u201c[O v\u00edrus] entrou por Roraima, de l\u00e1, foi para o Amazonas e, agora, chegou a Rond\u00f4nia\u201d, completou a diretora.<\/p>\n<p>Vacina\u00e7\u00e3o antecipada<br \/>\nSegundo Arlete, a campanha de vacina\u00e7\u00e3o contra o sarampo, prevista para come\u00e7ar em agosto, ser\u00e1 antecipada no estado, com previs\u00e3o de in\u00edcio para amanh\u00e3 (10). A capital, Porto Velho, j\u00e1 iniciou a imuniza\u00e7\u00e3o.<\/p>\n<p>\u201cSolicitamos ao Minist\u00e9rio da Sa\u00fade doses para antecipar a campanha e eles responderam prontamente. Vamos discutir com munic\u00edpios a estrat\u00e9gia de divulga\u00e7\u00e3o e mobiliza\u00e7\u00e3o para que a gente consiga, no menor tempo poss\u00edvel, vacinar o p\u00fablico alvo.\u201d<\/p>\n<p>O esquema vacinal vigente para o sarampo \u00e9 uma dose da vacina tr\u00edplice viral aos 12 meses e a segunda dose da vacina tetra viral aos 15 meses. Entretanto, em casos de surto, alguns estados optam por iniciar a imuniza\u00e7\u00e3o aos 6 meses.<\/p>\n<p>Adultos com idade entre 20 e 29 anos tamb\u00e9m devem receber duas doses da vacina tr\u00edplice viral. J\u00e1 os que t\u00eam entre 30 e 49 anos precisam de apenas uma dose.<\/p>\n<p>A doen\u00e7a<br \/>\nO sarampo \u00e9 uma doen\u00e7a infecciosa aguda, de natureza viral, grave, transmiss\u00edvel e extremamente contagiosa. Complica\u00e7\u00f5es infecciosas contribuem para a gravidade do quadro, particularmente em crian\u00e7as desnutridas e menores de um 1 ano.<\/p>\n<p>Os sintomas incluem febre alta acima de 38,5\u00b0C; erup\u00e7\u00f5es na pele; tosse; coriza; conjuntivite; e manchas brancas que aparecem na mucosa bucal, conhecidas como sinais de Koplik e que antecedem de um a dois dias antes do aparecimento da erup\u00e7\u00e3o cut\u00e2nea.<\/p>\n<p>A transmiss\u00e3o do sarampo acontece de quatro a seis dias antes e at\u00e9 quatro dias ap\u00f3s o aparecimento do exantema. O per\u00edodo de maior transmissibilidade ocorre dois dias antes e dois dias ap\u00f3s o in\u00edcio da erup\u00e7\u00e3o cut\u00e2nea.<\/p>\n<p>Paula Laboissi\u00e8re &#8211; Rep\u00f3rter da Ag\u00eancia Brasil<br \/>\nEdi\u00e7\u00e3o: Val\u00e9ria Aguiar<br \/>\n10\/07\/2018<\/p>\n","protected":false},"excerpt":{"rendered":"<p>A Secretaria de Sa\u00fade de Rond\u00f4nia confirmou o primeiro caso de sarampo no estado. Um outro caso j\u00e1 testou positivo para a doen\u00e7a, mas aguarda resultado de contraprova, a ser enviado pela Funda\u00e7\u00e3o Oswaldo Cruz, para ser oficialmente contabilizado. Rond\u00f4nia n\u00e3o tinha registros de sarampo desde 1999. Em entrevista \u00e0 Ag\u00eancia Brasil, a diretora da [&hellip;]<\/p>\n","protected":false},"author":2,"featured_media":37376,"comment_status":"open","ping_status":"closed","sticky":false,"template":"","format":"standard","meta":{"tdm_status":"","tdm_grid_status":"","footnotes":""},"categories":[22,5],"tags":[],"class_list":{"0":"post-145773","1":"post","2":"type-post","3":"status-publish","4":"format-standard","5":"has-post-thumbnail","7":"category-brasil","8":"category-saude-e-vida"},"_links":{"self":[{"href":"https:\/\/migracao.redenoticia.com.br\/noticia\/wp-json\/wp\/v2\/posts\/145773","targetHints":{"allow":["GET"]}}],"collection":[{"href":"https:\/\/migracao.redenoticia.com.br\/noticia\/wp-json\/wp\/v2\/posts"}],"about":[{"href":"https:\/\/migracao.redenoticia.com.br\/noticia\/wp-json\/wp\/v2\/types\/post"}],"author":[{"embeddable":true,"href":"https:\/\/migracao.redenoticia.com.br\/noticia\/wp-json\/wp\/v2\/users\/2"}],"replies":[{"embeddable":true,"href":"https:\/\/migracao.redenoticia.com.br\/noticia\/wp-json\/wp\/v2\/comments?post=145773"}],"version-history":[{"count":0,"href":"https:\/\/migracao.redenoticia.com.br\/noticia\/wp-json\/wp\/v2\/posts\/145773\/revisions"}],"wp:featuredmedia":[{"embeddable":true,"href":"https:\/\/migracao.redenoticia.com.br\/noticia\/wp-json\/wp\/v2\/media\/37376"}],"wp:attachment":[{"href":"https:\/\/migracao.redenoticia.com.br\/noticia\/wp-json\/wp\/v2\/media?parent=145773"}],"wp:term":[{"taxonomy":"category","embeddable":true,"href":"https:\/\/migracao.redenoticia.com.br\/noticia\/wp-json\/wp\/v2\/categories?post=145773"},{"taxonomy":"post_tag","embeddable":true,"href":"https:\/\/migracao.redenoticia.com.br\/noticia\/wp-json\/wp\/v2\/tags?post=145773"}],"curies":[{"name":"wp","href":"https:\/\/api.w.org\/{rel}","templated":true}]}}