{"id":145889,"date":"2018-07-11T16:16:12","date_gmt":"2018-07-11T19:16:12","guid":{"rendered":"https:\/\/www.redenoticia.com.br\/noticia\/?p=145889"},"modified":"2018-07-11T16:16:12","modified_gmt":"2018-07-11T19:16:12","slug":"resumo-novela-onde-nascem-os-fortes-11-07-maria-descobre-identidade-do-pai","status":"publish","type":"post","link":"https:\/\/migracao.redenoticia.com.br\/noticia\/2018\/resumo-novela-onde-nascem-os-fortes-11-07-maria-descobre-identidade-do-pai\/145889","title":{"rendered":"Resumo novela \u201cOnde Nascem os Fortes\u201d 11\/07: Maria descobre identidade do pai"},"content":{"rendered":"<p> <img loading=\"lazy\" decoding=\"async\" src=\"https:\/\/migracao.redenoticia.com.br\/noticia\/imagens\/onde-nascem-os-fortes-novela-globo-resumo-150x112.jpg\" alt=\"\" width=\"150\" height=\"112\" class=\"alignleft size-thumbnail wp-image-139170\" srcset=\"https:\/\/migracao.redenoticia.com.br\/noticia\/imagens\/onde-nascem-os-fortes-novela-globo-resumo-150x112.jpg 150w, https:\/\/migracao.redenoticia.com.br\/noticia\/imagens\/onde-nascem-os-fortes-novela-globo-resumo-265x198.jpg 265w\" sizes=\"auto, (max-width: 150px) 100vw, 150px\" \/><strong><em>Resumo novela \u201cOnde Nascem os Fortes\u201d 11\/07 <\/em><\/strong>: no cap\u00edtulo 050(*) da novela \u201cOnde Nascem os Fortes\u201d, resumo de quarta-feira, 11 de julho, Juiz estranha o sil\u00eancio ao voltar para casa. Ramiro descobre que seus p\u00e1ssaros sumiram. Ramirinho apanha de homens encapuzados. Ele \u00e9 surpreendido no intervalo de um dos seus shows como Shakira do Sert\u00e3o. Maria descobre identidade do pai.<\/p>\n<p>Maria descobre identidade do pai &#8211; Desde que Maria (Alice Wegmann) come\u00e7ou a desconfiar de que C\u00e1ssia (Patricia Pillar) escondia algo sobre o seu passado e de Nonato (Marco Pigossi), ela n\u00e3o parou mais de buscar a verdade sobre sua origem. Tudo come\u00e7ou quando a presa Bet\u00e2nia (Titina Medeiros) jurou ter ajudado C\u00e1ssia a ir embora de Sert\u00e3o com dois beb\u00eas g\u00eameos no colo, o que instigou Maria a questionar a engenheira sobre o pai, que n\u00e3o conheceu. O que ela n\u00e3o esperava era descobrir, ao inv\u00e9s disso, a identidade de sua verdadeira m\u00e3e. Depois de ler as cartas de Madalena esquecidas na cama de seu quarto, ela pressionou C\u00e1ssia, que revelou toda a verdade: Madalena, filha de Ti\u00e3o das Cacimbas (Jos\u00e9 Dumont), \u00e9 a m\u00e3e de Maria e Nonato. Um choque para a jovem, que sofreu ao lado de C\u00e1ssia, mas admirou a atitude dela ao decidir criar os filhos da amiga como se fossem seus. Agora, Maria est\u00e1 prestes a descobrir quem \u00e9 o seu pai.<\/p>\n<p>(*) edi\u00e7\u00e3o da Rede Globo, Novela \u201cOnde Nascem os Fortes\u201d, sujeito a altera\u00e7\u00e3o de data e conte\u00fado.<\/p>\n<p>Maria (Alice Wegmann), uma jovem aventureira que tenta descobrir a qualquer custo o paradeiro do irm\u00e3o g\u00eameo, Nonato (Marco Pigossi), desaparecido misteriosamente ap\u00f3s flertar com a sedutora Joana (Maeve Jinkings), funcion\u00e1ria e amante do empres\u00e1rio Pedro Gouveia (Alexandre Nero), tamb\u00e9m conhecido como \u201cRei de Sert\u00e3o\u201d. A obra \u00e9 assinada por George Moura e Sergio Goldenberg e tem dire\u00e7\u00e3o art\u00edstica de Jos\u00e9 Luiz Villamarim.<\/p>\n<p>Na supers\u00e9rie \u201cOnde Nascem os Fortes\u201d, Maria e Nonato viajam para a cidade de Sert\u00e3o, terra natal de sua m\u00e3e, a engenheira qu\u00edmica C\u00e1ssia (Patricia Pillar), em busca de novas trilhas de bicicleta. L\u00e1, Maria se apaixona perdidamente pelo jovem empres\u00e1rio e paleont\u00f3logo Hermano (Gabriel Leone), filho de Rosinete (Debora Bloch) e Pedro Gouveia.<\/p>\n<p>Desconfiada de que Pedro possa estar envolvido no sumi\u00e7o do irm\u00e3o, Maria se afasta de Hermano e declara guerra ao poderoso e influente empres\u00e1rio, que, por sua vez, n\u00e3o medir\u00e1 esfor\u00e7os para proteger sua reputa\u00e7\u00e3o. O embate faz com que C\u00e1ssia retorne \u00e0 cidade depois de muitos anos e tenha o apoio de Ramiro (F\u00e1bio Assun\u00e7\u00e3o) \u2013 um juiz de Direito e inimigo de Pedro -, que tem interesses escusos por tr\u00e1s deste suposto altru\u00edsmo.<\/p>\n","protected":false},"excerpt":{"rendered":"<p>Resumo novela \u201cOnde Nascem os Fortes\u201d 11\/07 : no cap\u00edtulo 050(*) da novela \u201cOnde Nascem os Fortes\u201d, resumo de quarta-feira, 11 de julho, Juiz estranha o sil\u00eancio ao voltar para casa. Ramiro descobre que seus p\u00e1ssaros sumiram. Ramirinho apanha de homens encapuzados. Ele \u00e9 surpreendido no intervalo de um dos seus shows como Shakira do [&hellip;]<\/p>\n","protected":false},"author":2,"featured_media":139170,"comment_status":"open","ping_status":"closed","sticky":false,"template":"","format":"standard","meta":{"tdm_status":"","tdm_grid_status":"","footnotes":""},"categories":[379,468,375,343],"tags":[441],"class_list":{"0":"post-145889","1":"post","2":"type-post","3":"status-publish","4":"format-standard","5":"has-post-thumbnail","7":"category-novelas","8":"category-onde-nascem-os-fortes","9":"category-rede-globo","10":"category-televisao","11":"tag-resumo-do-dia"},"_links":{"self":[{"href":"https:\/\/migracao.redenoticia.com.br\/noticia\/wp-json\/wp\/v2\/posts\/145889","targetHints":{"allow":["GET"]}}],"collection":[{"href":"https:\/\/migracao.redenoticia.com.br\/noticia\/wp-json\/wp\/v2\/posts"}],"about":[{"href":"https:\/\/migracao.redenoticia.com.br\/noticia\/wp-json\/wp\/v2\/types\/post"}],"author":[{"embeddable":true,"href":"https:\/\/migracao.redenoticia.com.br\/noticia\/wp-json\/wp\/v2\/users\/2"}],"replies":[{"embeddable":true,"href":"https:\/\/migracao.redenoticia.com.br\/noticia\/wp-json\/wp\/v2\/comments?post=145889"}],"version-history":[{"count":0,"href":"https:\/\/migracao.redenoticia.com.br\/noticia\/wp-json\/wp\/v2\/posts\/145889\/revisions"}],"wp:featuredmedia":[{"embeddable":true,"href":"https:\/\/migracao.redenoticia.com.br\/noticia\/wp-json\/wp\/v2\/media\/139170"}],"wp:attachment":[{"href":"https:\/\/migracao.redenoticia.com.br\/noticia\/wp-json\/wp\/v2\/media?parent=145889"}],"wp:term":[{"taxonomy":"category","embeddable":true,"href":"https:\/\/migracao.redenoticia.com.br\/noticia\/wp-json\/wp\/v2\/categories?post=145889"},{"taxonomy":"post_tag","embeddable":true,"href":"https:\/\/migracao.redenoticia.com.br\/noticia\/wp-json\/wp\/v2\/tags?post=145889"}],"curies":[{"name":"wp","href":"https:\/\/api.w.org\/{rel}","templated":true}]}}