{"id":146136,"date":"2018-07-14T01:00:16","date_gmt":"2018-07-14T04:00:16","guid":{"rendered":"https:\/\/www.redenoticia.com.br\/noticia\/?p=146136"},"modified":"2018-07-15T16:41:34","modified_gmt":"2018-07-15T19:41:34","slug":"resumo-novela-onde-nascem-os-fortes-16-07-ultimo-capitulo","status":"publish","type":"post","link":"https:\/\/migracao.redenoticia.com.br\/noticia\/2018\/resumo-novela-onde-nascem-os-fortes-16-07-ultimo-capitulo\/146136","title":{"rendered":"Resumo novela \u201cOnde Nascem os Fortes\u201d 16\/07: \u00faltimo cap\u00edtulo"},"content":{"rendered":"<p><img loading=\"lazy\" decoding=\"async\" src=\"https:\/\/migracao.redenoticia.com.br\/noticia\/imagens\/onde-nascem-os-fortes-novela-globo-resumo-150x112.jpg\" alt=\"\" width=\"150\" height=\"112\" class=\"alignleft size-thumbnail wp-image-139170\" srcset=\"https:\/\/migracao.redenoticia.com.br\/noticia\/imagens\/onde-nascem-os-fortes-novela-globo-resumo-150x112.jpg 150w, https:\/\/migracao.redenoticia.com.br\/noticia\/imagens\/onde-nascem-os-fortes-novela-globo-resumo-265x198.jpg 265w\" sizes=\"auto, (max-width: 150px) 100vw, 150px\" \/><strong><em>Resumo novela \u201cOnde Nascem os Fortes\u201d 16\/07 <\/em><\/strong>: no cap\u00edtulo 053(*) da novela \u201cOnde Nascem os Fortes\u201d, resumo de segunda-feira, 16 de julho, a mando de Ramiro (F\u00e1bio Assun\u00e7\u00e3o), Pl\u00ednio (Enrique Diaz) se envolveu com a morte de muita gente. Entre elas, o perito Vit\u00f3rio (Ilya S\u00e3o Paulo), que fraudou os laudos da investiga\u00e7\u00e3o sobre a morte de Nonato (Marco Pigossi), Ivonete (Raquel Ferreira), prostituta que se envolveu com o delegado, e Angelines (Andressa Cabral), presa que dividia a cela com Maria (Alice Wegmann). No \u00faltimo cap\u00edtulo de Onde Nascem os Fortes, Pl\u00ednio ser\u00e1 assombrado por eles.<\/p>\n<p> Maria (Alice Wegmann) e Pedro (Alexandre Nero) foram grandes rivais em Onde Nascem os Fortes. Enquanto ela iniciou uma verdadeira guerra contra o empres\u00e1rio por causa de seu irm\u00e3o Nonato (Marco Pigossi), ele revidou \u00e0 altura, colocando a pol\u00edcia atr\u00e1s de Maria at\u00e9 v\u00ea-la atr\u00e1s das grades. Apesar da rivalidade, um la\u00e7o maior une os dois. Um segredo do passado de C\u00e1ssia (Patricia Pillar) veio \u00e0 tona e revelou que Maria e Nonato, adotados pela engenheira, s\u00e3o filhos biol\u00f3gicos de Pedro e Madalena. Maria ficou abalada com a revela\u00e7\u00e3o e evita Pedro, que tem tentado se reaproximar da jovem. Mas no \u00faltimo cap\u00edtulo de Onde Nascem os Fortes, pai e filha ter\u00e3o um encontro que mudar\u00e1 a vida dos dois.<\/p>\n<p>Uma trag\u00e9dia mudou por completo a vida de C\u00e1ssia (Patricia Pillar). A engenheira qu\u00edmica, que vivia no Recife, se mudou para Sert\u00e3o para descobrir o que havia acontecido com seu filho Nonato (Marco Pigossi). Dado como desaparecido ap\u00f3s uma briga com Pedro Gouveia (Alexandre Nero), ele foi assassinado misteriosamente. Quando o corpo de Nonato foi encontrado, a busca passou a ser outra: desvendar o respons\u00e1vel pelo crime. No \u00faltimo cap\u00edtulo de Onde Nascem os Fortes, a verdade sobre a morte vir\u00e1 \u00e0 tona e C\u00e1ssia vai passar mal com a revela\u00e7\u00e3o.<\/p>\n<p>(*) edi\u00e7\u00e3o da Rede Globo, Novela \u201cOnde Nascem os Fortes\u201d, sujeito a altera\u00e7\u00e3o de data e conte\u00fado.<\/p>\n<p>Maria (Alice Wegmann), uma jovem aventureira que tenta descobrir a qualquer custo o paradeiro do irm\u00e3o g\u00eameo, Nonato (Marco Pigossi), desaparecido misteriosamente ap\u00f3s flertar com a sedutora Joana (Maeve Jinkings), funcion\u00e1ria e amante do empres\u00e1rio Pedro Gouveia (Alexandre Nero), tamb\u00e9m conhecido como \u201cRei de Sert\u00e3o\u201d. A obra \u00e9 assinada por George Moura e Sergio Goldenberg e tem dire\u00e7\u00e3o art\u00edstica de Jos\u00e9 Luiz Villamarim.<\/p>\n<p>Na supers\u00e9rie \u201cOnde Nascem os Fortes\u201d, Maria e Nonato viajam para a cidade de Sert\u00e3o, terra natal de sua m\u00e3e, a engenheira qu\u00edmica C\u00e1ssia (Patricia Pillar), em busca de novas trilhas de bicicleta. L\u00e1, Maria se apaixona perdidamente pelo jovem empres\u00e1rio e paleont\u00f3logo Hermano (Gabriel Leone), filho de Rosinete (Debora Bloch) e Pedro Gouveia.<\/p>\n<p>Desconfiada de que Pedro possa estar envolvido no sumi\u00e7o do irm\u00e3o, Maria se afasta de Hermano e declara guerra ao poderoso e influente empres\u00e1rio, que, por sua vez, n\u00e3o medir\u00e1 esfor\u00e7os para proteger sua reputa\u00e7\u00e3o. O embate faz com que C\u00e1ssia retorne \u00e0 cidade depois de muitos anos e tenha o apoio de Ramiro (F\u00e1bio Assun\u00e7\u00e3o) \u2013 um juiz de Direito e inimigo de Pedro -, que tem interesses escusos por tr\u00e1s deste suposto altru\u00edsmo.<\/p>\n","protected":false},"excerpt":{"rendered":"<p>Resumo novela \u201cOnde Nascem os Fortes\u201d 16\/07 : no cap\u00edtulo 053(*) da novela \u201cOnde Nascem os Fortes\u201d, resumo de segunda-feira, 16 de julho, a mando de Ramiro (F\u00e1bio Assun\u00e7\u00e3o), Pl\u00ednio (Enrique Diaz) se envolveu com a morte de muita gente. Entre elas, o perito Vit\u00f3rio (Ilya S\u00e3o Paulo), que fraudou os laudos da investiga\u00e7\u00e3o sobre [&hellip;]<\/p>\n","protected":false},"author":2,"featured_media":139170,"comment_status":"open","ping_status":"closed","sticky":false,"template":"","format":"standard","meta":{"tdm_status":"","tdm_grid_status":"","footnotes":""},"categories":[379,468,375,343],"tags":[441],"class_list":{"0":"post-146136","1":"post","2":"type-post","3":"status-publish","4":"format-standard","5":"has-post-thumbnail","7":"category-novelas","8":"category-onde-nascem-os-fortes","9":"category-rede-globo","10":"category-televisao","11":"tag-resumo-do-dia"},"_links":{"self":[{"href":"https:\/\/migracao.redenoticia.com.br\/noticia\/wp-json\/wp\/v2\/posts\/146136","targetHints":{"allow":["GET"]}}],"collection":[{"href":"https:\/\/migracao.redenoticia.com.br\/noticia\/wp-json\/wp\/v2\/posts"}],"about":[{"href":"https:\/\/migracao.redenoticia.com.br\/noticia\/wp-json\/wp\/v2\/types\/post"}],"author":[{"embeddable":true,"href":"https:\/\/migracao.redenoticia.com.br\/noticia\/wp-json\/wp\/v2\/users\/2"}],"replies":[{"embeddable":true,"href":"https:\/\/migracao.redenoticia.com.br\/noticia\/wp-json\/wp\/v2\/comments?post=146136"}],"version-history":[{"count":0,"href":"https:\/\/migracao.redenoticia.com.br\/noticia\/wp-json\/wp\/v2\/posts\/146136\/revisions"}],"wp:featuredmedia":[{"embeddable":true,"href":"https:\/\/migracao.redenoticia.com.br\/noticia\/wp-json\/wp\/v2\/media\/139170"}],"wp:attachment":[{"href":"https:\/\/migracao.redenoticia.com.br\/noticia\/wp-json\/wp\/v2\/media?parent=146136"}],"wp:term":[{"taxonomy":"category","embeddable":true,"href":"https:\/\/migracao.redenoticia.com.br\/noticia\/wp-json\/wp\/v2\/categories?post=146136"},{"taxonomy":"post_tag","embeddable":true,"href":"https:\/\/migracao.redenoticia.com.br\/noticia\/wp-json\/wp\/v2\/tags?post=146136"}],"curies":[{"name":"wp","href":"https:\/\/api.w.org\/{rel}","templated":true}]}}