{"id":146159,"date":"2018-08-18T15:48:47","date_gmt":"2018-08-18T18:48:47","guid":{"rendered":"https:\/\/www.redenoticia.com.br\/noticia\/?p=146159"},"modified":"2018-09-03T14:18:24","modified_gmt":"2018-09-03T17:18:24","slug":"assista-gratuitamente-aos-videos-de-so-toca-top-de-sabado-14-de-julho","status":"publish","type":"post","link":"https:\/\/migracao.redenoticia.com.br\/noticia\/2018\/assista-gratuitamente-aos-videos-de-so-toca-top-de-sabado-14-de-julho\/146159","title":{"rendered":"Assista gratuitamente aos v\u00eddeos de &#8220;S\u00f3 Toca Top&#8221;"},"content":{"rendered":"<p><img loading=\"lazy\" decoding=\"async\" class=\"alignleft size-thumbnail wp-image-146161\" src=\"https:\/\/migracao.redenoticia.com.br\/noticia\/imagens\/sotocatop-150x112.jpg\" alt=\"\" width=\"150\" height=\"112\" srcset=\"https:\/\/migracao.redenoticia.com.br\/noticia\/imagens\/sotocatop-150x112.jpg 150w, https:\/\/migracao.redenoticia.com.br\/noticia\/imagens\/sotocatop-265x198.jpg 265w\" sizes=\"auto, (max-width: 150px) 100vw, 150px\" \/>V\u00eddeos de &#8220;S\u00f3 Toca Top&#8221;: O S\u00f3TocaTop tem rankings semanais dedicados exclusivamente aos sucessos atuais da m\u00fasica nacional, contemplando o que \u00e9 mais ouvido nas r\u00e1dios e tamb\u00e9m na internet.  e assista gratuitamente aos v\u00eddeos de &#8220;S\u00f3 Toca Top&#8221;<\/p>\n<p>A atra\u00e7\u00e3o \u00e9 uma parada musical semanal. Apresentando os artistas com as m\u00fasicas mais tocadas na r\u00e1dio e na internet no momento. Exibido aos s\u00e1bados \u00e0 tarde na Globo, antes do Caldeir\u00e3o do Huck, e nos canais Multishow e Bis. No Multishow, \u00e9 exibido um dia antes de ir ao ar na TV Aberta, \u00e0s sextas \u00e0s 21h15, e um dia depois, nos domingos \u00e0s 18h30. No Bis \u00e9 reexibido \u00e0s segundas \u00e0s 22h30.<\/p>\n<p>Idealizado por Ricardo Waddington e dire\u00e7\u00e3o geral e art\u00edstica de Raoni Carneiro, o programa foi criado para substituir no hor\u00e1rio o Estrelas apresentado por Ang\u00e9lica. A inspira\u00e7\u00e3o principal \u00e9 o Globo de Ouro, hist\u00f3rico programa exibido entre 1972 e 1980. Em 2018, o cantor Luan Santana assinou contrato com a Globo para comandar a nova atra\u00e7\u00e3o. Para formar dupla com ele, primeiramente foi cogitada Maria Eug\u00eania Suconic, do reality Adotada da MTV. Mas ela acabou recusando. Fernanda Souza, que j\u00e1 apresentava o Vai Fernandinha no Multishow, aceitou o convite de Raoni Carneiro para a apresenta\u00e7\u00e3o.<\/p>\n","protected":false},"excerpt":{"rendered":"<p>V\u00eddeos de &#8220;S\u00f3 Toca Top&#8221;: O S\u00f3TocaTop tem rankings semanais dedicados exclusivamente aos sucessos atuais da m\u00fasica nacional, contemplando o que \u00e9 mais ouvido nas r\u00e1dios e tamb\u00e9m na internet. e assista gratuitamente aos v\u00eddeos de &#8220;S\u00f3 Toca Top&#8221; A atra\u00e7\u00e3o \u00e9 uma parada musical semanal. Apresentando os artistas com as m\u00fasicas mais tocadas na [&hellip;]<\/p>\n","protected":false},"author":2,"featured_media":146161,"comment_status":"open","ping_status":"closed","sticky":false,"template":"","format":"standard","meta":{"tdm_status":"","tdm_grid_status":"","footnotes":""},"categories":[388,375,343],"tags":[440,523],"class_list":{"0":"post-146159","1":"post","2":"type-post","3":"status-publish","4":"format-standard","5":"has-post-thumbnail","7":"category-destaques","8":"category-rede-globo","9":"category-televisao","10":"tag-noticia-novela","11":"tag-variedades"},"_links":{"self":[{"href":"https:\/\/migracao.redenoticia.com.br\/noticia\/wp-json\/wp\/v2\/posts\/146159","targetHints":{"allow":["GET"]}}],"collection":[{"href":"https:\/\/migracao.redenoticia.com.br\/noticia\/wp-json\/wp\/v2\/posts"}],"about":[{"href":"https:\/\/migracao.redenoticia.com.br\/noticia\/wp-json\/wp\/v2\/types\/post"}],"author":[{"embeddable":true,"href":"https:\/\/migracao.redenoticia.com.br\/noticia\/wp-json\/wp\/v2\/users\/2"}],"replies":[{"embeddable":true,"href":"https:\/\/migracao.redenoticia.com.br\/noticia\/wp-json\/wp\/v2\/comments?post=146159"}],"version-history":[{"count":0,"href":"https:\/\/migracao.redenoticia.com.br\/noticia\/wp-json\/wp\/v2\/posts\/146159\/revisions"}],"wp:featuredmedia":[{"embeddable":true,"href":"https:\/\/migracao.redenoticia.com.br\/noticia\/wp-json\/wp\/v2\/media\/146161"}],"wp:attachment":[{"href":"https:\/\/migracao.redenoticia.com.br\/noticia\/wp-json\/wp\/v2\/media?parent=146159"}],"wp:term":[{"taxonomy":"category","embeddable":true,"href":"https:\/\/migracao.redenoticia.com.br\/noticia\/wp-json\/wp\/v2\/categories?post=146159"},{"taxonomy":"post_tag","embeddable":true,"href":"https:\/\/migracao.redenoticia.com.br\/noticia\/wp-json\/wp\/v2\/tags?post=146159"}],"curies":[{"name":"wp","href":"https:\/\/api.w.org\/{rel}","templated":true}]}}