{"id":1462,"date":"2009-05-09T13:44:07","date_gmt":"2009-05-09T17:44:07","guid":{"rendered":"http:\/\/www.redenoticia.com.br\/noticia\/?p=1462"},"modified":"2009-05-10T22:01:17","modified_gmt":"2009-05-11T02:01:17","slug":"171-mil-mulheres-sao-chefes-de-familia-em-rondonia","status":"publish","type":"post","link":"https:\/\/migracao.redenoticia.com.br\/noticia\/2009\/171-mil-mulheres-sao-chefes-de-familia-em-rondonia\/1462","title":{"rendered":"171 mil mulheres s\u00e3o chefes de fam\u00edlia em Rond\u00f4nia"},"content":{"rendered":"<p style=\"text-align: justify;\"><span style=\"font-family: Arial;\">O Departamento Intersindical de Estat\u00edsticas e Estudos Socioecon\u00f4micos (Dieese) divulgou uma pesquisa mostrando que cerca de 664 mil mulheres em todo o Par\u00e1 exercem hoje a fun\u00e7\u00e3o de chefe de domic\u00edlio, ou seja, acumulam a fun\u00e7\u00e3o de m\u00e3e e pai e ainda sustentam a fam\u00edlia. As analises feitas pelo Dieese, com base nos indicadores sociais 2008, mostram que das cerca de 60,1 milh\u00f5es de fam\u00edlias no Brasil, aproximadamente 19,8 milh\u00f5es, cerca de 33,00%, s\u00e3o chefiadas por mulheres.<\/span><\/p>\n<p>Na regi\u00e3o Norte, de um total de 4,3 milh\u00f5es de fam\u00edlias, 1,5 milh\u00e3o (35%) s\u00e3o chefiadas por mulheres. No Par\u00e1, esse n\u00famero \u00e9 de 664 mil (32%), de 2,1 milh\u00f5es de fam\u00edlias existentes no Estado. Dos sete Estados que comp\u00f5em a regi\u00e3o Norte, o Para \u00e9 o que apresenta o maior numero de mulheres chefes de domic\u00edlio, seguido do Estado do Amazonas, com cerca de 374 mil mulheres; Rond\u00f4nia, com 171 mil mulheres; Tocantins, com 129 mil; Amap\u00e1, com 70 mil; Acre, com 61 mil; e Roraima, 60 mil mulheres.<\/p>\n<p>Em todo o Norte s\u00e3o cerca de 1,5 milh\u00e3o de mulheres exercendo a dupla fun\u00e7\u00e3o de m\u00e3e e pai. Destas, cerca de 43% est\u00e3o no Par\u00e1. A pesquisa mostra ainda que o n\u00famero de domic\u00edlios chefiados por mulheres aumentou em todo o Brasil, passando de 18,5 milh\u00f5es em 2006 para 19,8 milh\u00f5es em 2007, com um crescimento de 6,93%. Na regi\u00e3o Norte, o n\u00famero de mulheres chefes de domic\u00edlio passou de 1,4 milh\u00e3o em 2006 para 1,5 milh\u00e3o em 2007, com um crescimento de 9,52%.<\/p>\n<p>No Par\u00e1, o n\u00famero de mulheres chefes de domic\u00edlio passou de cerca de 635 mil em 2006 para 664 mil em 2007, com um crescimento de 4,61%. O estudo tamb\u00e9m identificou que das 3,1 milh\u00f5es de pessoas ocupadas em todo o Par\u00e1, 1,9 milh\u00e3o s\u00e3o homens, o que corresponde a 61,08% dos ocupados de todo o Estado, e 1,2 milh\u00e3o s\u00e3o mulheres, ou seja, 38,92 %.<\/p>\n<p>As an\u00e1lises mostram ainda que, mesmo com uma for\u00e7a trabalhadora representando quase 40% dos ocupados em todo o Estado, a remunera\u00e7\u00e3o feminina continua baixa. Do total de 1,2 milh\u00e3o de mulheres ocupadas no Estado do Par\u00e1, 13,31% (164.826) ganham at\u00e9 meio sal\u00e1rio m\u00ednimo e 31,52% (390.490) ganham entre meio e um sal\u00e1rio m\u00ednimo. (Di\u00e1rio do Par\u00e1)<\/p>\n<p class=\"MsoNormal\" style=\"background: #f7f7f7 none repeat scroll 0%; line-height: 13.5pt;\"><strong><span style=\"font-family: Arial;\"><span style=\"color: windowtext;\">diariodopara.com.br<\/span><\/span><\/strong><\/p>\n","protected":false},"excerpt":{"rendered":"<p>O Departamento Intersindical de Estat\u00edsticas e Estudos Socioecon\u00f4micos (Dieese) divulgou uma pesquisa mostrando que cerca de 664 mil mulheres em todo o Par\u00e1 exercem hoje a fun\u00e7\u00e3o de chefe de domic\u00edlio, ou seja, acumulam a fun\u00e7\u00e3o de m\u00e3e e pai e ainda sustentam a fam\u00edlia. As analises feitas pelo Dieese, com base nos indicadores sociais [&hellip;]<\/p>\n","protected":false},"author":3,"featured_media":0,"comment_status":"open","ping_status":"open","sticky":false,"template":"","format":"standard","meta":{"tdm_status":"","tdm_grid_status":"","footnotes":""},"categories":[22],"tags":[],"class_list":{"0":"post-1462","1":"post","2":"type-post","3":"status-publish","4":"format-standard","6":"category-brasil"},"_links":{"self":[{"href":"https:\/\/migracao.redenoticia.com.br\/noticia\/wp-json\/wp\/v2\/posts\/1462","targetHints":{"allow":["GET"]}}],"collection":[{"href":"https:\/\/migracao.redenoticia.com.br\/noticia\/wp-json\/wp\/v2\/posts"}],"about":[{"href":"https:\/\/migracao.redenoticia.com.br\/noticia\/wp-json\/wp\/v2\/types\/post"}],"author":[{"embeddable":true,"href":"https:\/\/migracao.redenoticia.com.br\/noticia\/wp-json\/wp\/v2\/users\/3"}],"replies":[{"embeddable":true,"href":"https:\/\/migracao.redenoticia.com.br\/noticia\/wp-json\/wp\/v2\/comments?post=1462"}],"version-history":[{"count":0,"href":"https:\/\/migracao.redenoticia.com.br\/noticia\/wp-json\/wp\/v2\/posts\/1462\/revisions"}],"wp:attachment":[{"href":"https:\/\/migracao.redenoticia.com.br\/noticia\/wp-json\/wp\/v2\/media?parent=1462"}],"wp:term":[{"taxonomy":"category","embeddable":true,"href":"https:\/\/migracao.redenoticia.com.br\/noticia\/wp-json\/wp\/v2\/categories?post=1462"},{"taxonomy":"post_tag","embeddable":true,"href":"https:\/\/migracao.redenoticia.com.br\/noticia\/wp-json\/wp\/v2\/tags?post=1462"}],"curies":[{"name":"wp","href":"https:\/\/api.w.org\/{rel}","templated":true}]}}