{"id":146246,"date":"2018-07-17T00:56:48","date_gmt":"2018-07-17T03:56:48","guid":{"rendered":"https:\/\/www.redenoticia.com.br\/noticia\/?p=146246"},"modified":"2018-07-17T00:56:49","modified_gmt":"2018-07-17T03:56:49","slug":"icmc-usp-oferece-curso-de-robotica-com-a-ferramenta-arduino","status":"publish","type":"post","link":"https:\/\/migracao.redenoticia.com.br\/noticia\/2018\/icmc-usp-oferece-curso-de-robotica-com-a-ferramenta-arduino\/146246","title":{"rendered":"ICMC-USP oferece curso de rob\u00f3tica com a ferramenta Arduino"},"content":{"rendered":"<p> Ag\u00eancia FAPESP\u00a0\u2013 Est\u00e3o abertas as inscri\u00e7\u00f5es, at\u00e9 18 de julho de 2018, para o curso Arduino aplicado aos desafios da Olimp\u00edada Brasileira de <strong><em>Rob\u00f3tica<\/em><\/strong>. A atividade ser\u00e1 oferecida pelo Instituto de Ci\u00eancias Matem\u00e1ticas e de Computa\u00e7\u00e3o (ICMC) da USP, em S\u00e3o Carlos, aos s\u00e1bados, das 9 \u00e0s 12 horas, com in\u00edcio no dia 21 de julho e t\u00e9rmino em 11 de agosto.<\/p>\n<p>O curso \u00e9 voltado a professores da rede p\u00fablica de ensino, tanto do n\u00edvel fundamental como do m\u00e9dio. A ferramenta Arduino possibilita a cria\u00e7\u00e3o de rob\u00f4s e tem um custo mais acess\u00edvel do que os demais kits rob\u00f3ticos comerciais.<\/p>\n<p>Durante o curso ser\u00e3o apresentados conceitos b\u00e1sicos sobre todos os componentes necess\u00e1rios para a montagem e programa\u00e7\u00e3o de rob\u00f4s, direcionados \u00e0s tarefas que as equipes precisam realizar na Olimp\u00edada Brasileira de Rob\u00f3tica. As atividades ser\u00e3o ministradas por Jos\u00e9 Alberto Diaz Amado, p\u00f3s-doutorando no ICMC e professor do Instituto Federal de Educa\u00e7\u00e3o, Ci\u00eancia e Tecnologia da Bahia.<\/p>\n<p>A taxa de inscri\u00e7\u00e3o para participar da atividade \u00e9 de R$ 50 e as inscri\u00e7\u00f5es devem ser efetuadas por meio do\u00a0\u00a0da USP. Do total de vagas, 25 ser\u00e3o destinadas prioritariamente a professores da rede p\u00fablica de ensino.<\/p>\n<p>O curso ocorrer\u00e1 na sala 6-303, no bloco 6 do ICMC-USP, que fica na av. Trabalhador Sancarlense, 400, Centro, S\u00e3o Carlos, SP.<\/p>\n<p>Mais informa\u00e7\u00f5es:\u00a0. <\/p>\n","protected":false},"excerpt":{"rendered":"<p>Ag\u00eancia FAPESP\u00a0\u2013 Est\u00e3o abertas as inscri\u00e7\u00f5es, at\u00e9 18 de julho de 2018, para o curso Arduino aplicado aos desafios da Olimp\u00edada Brasileira de Rob\u00f3tica. A atividade ser\u00e1 oferecida pelo Instituto de Ci\u00eancias Matem\u00e1ticas e de Computa\u00e7\u00e3o (ICMC) da USP, em S\u00e3o Carlos, aos s\u00e1bados, das 9 \u00e0s 12 horas, com in\u00edcio no dia 21 de [&hellip;]<\/p>\n","protected":false},"author":2,"featured_media":57576,"comment_status":"open","ping_status":"closed","sticky":false,"template":"","format":"standard","meta":{"tdm_status":"","tdm_grid_status":"","footnotes":""},"categories":[22,351,370],"tags":[],"class_list":{"0":"post-146246","1":"post","2":"type-post","3":"status-publish","4":"format-standard","5":"has-post-thumbnail","7":"category-brasil","8":"category-cursos","9":"category-inscricao"},"_links":{"self":[{"href":"https:\/\/migracao.redenoticia.com.br\/noticia\/wp-json\/wp\/v2\/posts\/146246","targetHints":{"allow":["GET"]}}],"collection":[{"href":"https:\/\/migracao.redenoticia.com.br\/noticia\/wp-json\/wp\/v2\/posts"}],"about":[{"href":"https:\/\/migracao.redenoticia.com.br\/noticia\/wp-json\/wp\/v2\/types\/post"}],"author":[{"embeddable":true,"href":"https:\/\/migracao.redenoticia.com.br\/noticia\/wp-json\/wp\/v2\/users\/2"}],"replies":[{"embeddable":true,"href":"https:\/\/migracao.redenoticia.com.br\/noticia\/wp-json\/wp\/v2\/comments?post=146246"}],"version-history":[{"count":0,"href":"https:\/\/migracao.redenoticia.com.br\/noticia\/wp-json\/wp\/v2\/posts\/146246\/revisions"}],"wp:featuredmedia":[{"embeddable":true,"href":"https:\/\/migracao.redenoticia.com.br\/noticia\/wp-json\/wp\/v2\/media\/57576"}],"wp:attachment":[{"href":"https:\/\/migracao.redenoticia.com.br\/noticia\/wp-json\/wp\/v2\/media?parent=146246"}],"wp:term":[{"taxonomy":"category","embeddable":true,"href":"https:\/\/migracao.redenoticia.com.br\/noticia\/wp-json\/wp\/v2\/categories?post=146246"},{"taxonomy":"post_tag","embeddable":true,"href":"https:\/\/migracao.redenoticia.com.br\/noticia\/wp-json\/wp\/v2\/tags?post=146246"}],"curies":[{"name":"wp","href":"https:\/\/api.w.org\/{rel}","templated":true}]}}