{"id":146308,"date":"2018-07-17T00:58:02","date_gmt":"2018-07-17T03:58:02","guid":{"rendered":"https:\/\/www.redenoticia.com.br\/noticia\/?p=146308"},"modified":"2018-07-17T00:58:02","modified_gmt":"2018-07-17T03:58:02","slug":"plastica-na-palpebra-melhora-a-visao","status":"publish","type":"post","link":"https:\/\/migracao.redenoticia.com.br\/noticia\/2018\/plastica-na-palpebra-melhora-a-visao\/146308","title":{"rendered":"Pl\u00e1stica na p\u00e1lpebra melhora a vis\u00e3o"},"content":{"rendered":"<p> A not\u00f3ria beleza da mulher brasileira n\u00e3o \u00e9 suficiente para que muitas se sintam bonitas. Nem a crise econ\u00f4mica diminui o cuidado feminino com a pr\u00f3pria apar\u00eancia. Prova disso s\u00e3o os dados da \u00faltima pesquisa da ISAPS (Sociedade Internacional de Cirurgia Pl\u00e1stica e Est\u00e9tica) divulgado em junho de 2017. A pesquisa mostra que o Brasil ocupa a segunda posi\u00e7\u00e3o no ranking global de <strong><em>cirurgias pl\u00e1sticas<\/em><\/strong> e est\u00e1 \u00e0 frente inclusive do Jap\u00e3o, respondendo por 10,7% de todos os procedimentos realizados no mundo. Apesar da crescente ades\u00e3o da popula\u00e7\u00e3o masculina aos tratamentos est\u00e9ticos, a demanda feminina ainda corresponde a 86,2% das cirurgias.<\/p>\n<p>Entre as mais procuradas a pesquisa aponta em terceiro lugar  a blefaroplastia que reposiciona a p\u00e1lpebra, elimina bolsas e rugas mais profundas ao redor dos olhos. Segundo o oftalmologista Le\u00f4ncio Queiroz Neto do Instituto Penido Burnier a boa not\u00edcia \u00e9 que al\u00e9m de rejuvenescer a pl\u00e1stica na p\u00e1lpebra melhora a lubrifica\u00e7\u00e3o dos olhos, a vermelhid\u00e3o e at\u00e9 o astigmatismo. Esta \u00e9 a conclus\u00e3o de um estudo americano que acompanhou por 12 meses quinze cirurgias.  Os pesquisadores contam que logo ap\u00f3s o procedimento o astigmatismo se agravou. Mas um ano depois a vis\u00e3o ficou melhor que antes do procedimento para 72% dos participantes.<\/p>\n<p>Peso da p\u00e1lpebra traumatiza a c\u00f3rnea<br \/>\nQueiroz Neto explica que a piora do astigmatismo logo ap\u00f3s a pl\u00e1stica est\u00e1 relacionada ao edema da p\u00e1lpebra que geralmente desaparece em at\u00e9 uma semana. \u201cH\u00e1 evid\u00eancias de que existe uma correla\u00e7\u00e3o entre as anomalias da p\u00e1lpebra superior com as altera\u00e7\u00f5es na superf\u00edcie da c\u00f3rnea, lente externa do olho,\u201d afirma. N\u00e3o \u00e9 para menos.  O m\u00e9dico explica que no sistema ocular o m\u00fasculo elevador \u00e9 respons\u00e1vel pelo levantamento da p\u00e1lpebra superior sobre a c\u00f3rnea em torno de 20 mil vezes ao dia.  O envelhecimento pode causa o afrouxamento deste m\u00fasculo, o excesso de pele e a forma\u00e7\u00e3o de bolsas de tecido adiposo nas p\u00e1lpebras que naturalmente ficam mais pesadas. Resultado:  traumatiza a c\u00f3rnea e torna sua superf\u00edcie irregular. \u201cEsta \u00e9 a caracter\u00edstica do astigmatismo, v\u00edcio de refra\u00e7\u00e3o que torna as imagens desfocadas para perto e longe\u201d, esclarece. <\/p>\n<p>Idade triplica astigmatismo<br \/>\nN\u00e3o por acaso, um levantamento feito pelo oftalmologista nos prontu\u00e1rios de 1,1 mil pacientes do hospital com idade entre 60 e 75 anos mostra que 418, 38%, apresentavam astigmatismo. A preval\u00eancia cresce quanto mais avan\u00e7ada \u00e9 a idade. Os prontu\u00e1rios demonstram que chega a 51% dos que t\u00eam de 70 a 75 anos. Entre jovens, comenta, n\u00e3o passa de 10% a 15%.<\/p>\n<p>Por isso, para o especialista a corre\u00e7\u00e3o da p\u00e1lpebra ca\u00edda n\u00e3o deve ser adiada. \u201cA redu\u00e7\u00e3o do astigmatismo proporcionada pela cirurgia pl\u00e1stica, melhora tamb\u00e9m a vis\u00e3o funcional. Isso porque, diminui a fotofobia (avers\u00e3o \u00e0 luz) e o ofuscamento, melhora a rapidez de leitura, a capacidade de adapta\u00e7\u00e3o em diferentes n\u00edveis de ilumina\u00e7\u00e3o, a percep\u00e7\u00e3o de profundidade, cores e contraste\u201d avalia. Por isso, pode melhorar a qualidade da vis\u00e3o inclusive de quem j\u00e1 operou a catarata.<\/p>\n<p>Nova lente aumenta corre\u00e7\u00e3o do astigmatismo<br \/>\nQueiroz Neto ressalta que a mais nova gera\u00e7\u00e3o de lente intraocular t\u00f3rica corrige simultaneamente a catarata, presbiopia e at\u00e9 6 graus de astigmatismo contra 3 graus da primeira gera\u00e7\u00e3o deste tipo de lente. Significa que para a maioria das pessoas a nova lente elimina a necessidade de usar \u00f3culos ap\u00f3s a cirurgia de catarata,  desde que os olhos n\u00e3o fiquem expostos a outros fatores que podem alterar a refra\u00e7\u00e3o, como \u00e9 o caso das p\u00e1lpebras ca\u00eddas.<\/p>\n<p>Como \u00e9 feita a cirurgia<br \/>\nO especialista afirma que a pl\u00e1stica \u00e9 realizada sob anestesia local e a t\u00e9cnica varia conforme a avalia\u00e7\u00e3o pr\u00e9via de cada paciente. As incis\u00f5es podem ser feitas atr\u00e1s da p\u00e1lpebra visando eliminar cicatrizes, tanto para a p\u00e1lpebra superior como para a inferior.  Quando n\u00e3o \u00e9 poss\u00edvel usar esta t\u00e9cnica, as incis\u00f5es s\u00e3o feitas pr\u00f3ximas aos c\u00edlios inferiores ou na cavidade da p\u00e1lpebra superior para que fiquem escondidas. No mesmo dia \u00e9 poss\u00edvel ir para casa, mas a recomenda\u00e7\u00e3o \u00e9 diminuir o ritmo nas primeiras 48 horas, fazer compressas frias com \u00e1gua filtrada para diminuir o edema, seguir rigorosamente a prescri\u00e7\u00e3o m\u00e9dica e usar \u00f3culos com filtro ultravioleta por dois meses para evitar manchas na pele. <\/p>\n<p>Preven\u00e7\u00e3o<br \/>\nN\u00e3o d\u00e1 para evitar o envelhecimento, \u00e9 claro, mas alguns cuidados simples ajudam a manter a beleza dos olhos. As principais dicas de Queiroz Neto s\u00e3o:<\/p>\n<p>Olheira &#8211; A dica n\u00famero 1 \u00e9 n\u00e3o expor a pele da regi\u00e3o dos olhos ao sol sem um bom filtro solar f\u00edsico, os \u00f3culos solares com lentes que filtrem 100% da radia\u00e7\u00e3o ultravioleta. A receita de av\u00f3 como usar compressas frias de ch\u00e1 de camomila funciona. Para eliminar olheiras leves os cremes que cont\u00e9m vitamina C e E s\u00e3o os mais indicados. A dica pata pessoas al\u00e9rgicas que costumam ter olheiras causadas pela maior vasculariza\u00e7\u00e3o sob os olhos \u00e9 usar um  creme que contenha vitamina K1.  Olheira decorrente de pigmenta\u00e7\u00e3o da pele por exposi\u00e7\u00e3o ao sol sem filtro solar podem ser combatidas por f\u00f3rmulas contendo hidroquinona, arbutin ou \u00e1cido f\u00edtico.<\/p>\n<p>P\u00e1lpebra ca\u00edda &#8211; Voc\u00ea pode diminuir o risco com tr\u00eas cuidados di\u00e1rios: nunca durma maquiada, hidrate bem a pele pelo ao redor dos olhos pelo menos duas vezes ao dia, especialmente antes de ir dormir e proteja a regi\u00e3o dos olhos com \u00f3culos solares nas atividades externas.<\/p>\n<p>Bolsas &#8211; Podem ser heredit\u00e1rias, causadas por doen\u00e7as sist\u00eamicas como o hipotireoidismo. uso cont\u00ednuo de cortic\u00f3ide e pelo h\u00e1bito de esfregar ou cocar os olhos. Por isso, evite cocar e sempre passe seus cremes com movimentos suaves. A pele ao redor dos olhos \u00e9 20 vezes mais fina que do restante do corpo.<\/p>\n","protected":false},"excerpt":{"rendered":"<p>A not\u00f3ria beleza da mulher brasileira n\u00e3o \u00e9 suficiente para que muitas se sintam bonitas. Nem a crise econ\u00f4mica diminui o cuidado feminino com a pr\u00f3pria apar\u00eancia. Prova disso s\u00e3o os dados da \u00faltima pesquisa da ISAPS (Sociedade Internacional de Cirurgia Pl\u00e1stica e Est\u00e9tica) divulgado em junho de 2017. A pesquisa mostra que o Brasil [&hellip;]<\/p>\n","protected":false},"author":2,"featured_media":37376,"comment_status":"open","ping_status":"closed","sticky":false,"template":"","format":"standard","meta":{"tdm_status":"","tdm_grid_status":"","footnotes":""},"categories":[22,5],"tags":[],"class_list":{"0":"post-146308","1":"post","2":"type-post","3":"status-publish","4":"format-standard","5":"has-post-thumbnail","7":"category-brasil","8":"category-saude-e-vida"},"_links":{"self":[{"href":"https:\/\/migracao.redenoticia.com.br\/noticia\/wp-json\/wp\/v2\/posts\/146308","targetHints":{"allow":["GET"]}}],"collection":[{"href":"https:\/\/migracao.redenoticia.com.br\/noticia\/wp-json\/wp\/v2\/posts"}],"about":[{"href":"https:\/\/migracao.redenoticia.com.br\/noticia\/wp-json\/wp\/v2\/types\/post"}],"author":[{"embeddable":true,"href":"https:\/\/migracao.redenoticia.com.br\/noticia\/wp-json\/wp\/v2\/users\/2"}],"replies":[{"embeddable":true,"href":"https:\/\/migracao.redenoticia.com.br\/noticia\/wp-json\/wp\/v2\/comments?post=146308"}],"version-history":[{"count":0,"href":"https:\/\/migracao.redenoticia.com.br\/noticia\/wp-json\/wp\/v2\/posts\/146308\/revisions"}],"wp:featuredmedia":[{"embeddable":true,"href":"https:\/\/migracao.redenoticia.com.br\/noticia\/wp-json\/wp\/v2\/media\/37376"}],"wp:attachment":[{"href":"https:\/\/migracao.redenoticia.com.br\/noticia\/wp-json\/wp\/v2\/media?parent=146308"}],"wp:term":[{"taxonomy":"category","embeddable":true,"href":"https:\/\/migracao.redenoticia.com.br\/noticia\/wp-json\/wp\/v2\/categories?post=146308"},{"taxonomy":"post_tag","embeddable":true,"href":"https:\/\/migracao.redenoticia.com.br\/noticia\/wp-json\/wp\/v2\/tags?post=146308"}],"curies":[{"name":"wp","href":"https:\/\/api.w.org\/{rel}","templated":true}]}}