{"id":146309,"date":"2018-07-17T00:58:40","date_gmt":"2018-07-17T03:58:40","guid":{"rendered":"https:\/\/www.redenoticia.com.br\/noticia\/?p=146309"},"modified":"2018-07-17T00:58:40","modified_gmt":"2018-07-17T03:58:40","slug":"suspensa-resolucao-da-ans-sobre-coparticipacao-em-planos-de-saude","status":"publish","type":"post","link":"https:\/\/migracao.redenoticia.com.br\/noticia\/2018\/suspensa-resolucao-da-ans-sobre-coparticipacao-em-planos-de-saude\/146309","title":{"rendered":"Suspensa resolu\u00e7\u00e3o da ANS sobre coparticipa\u00e7\u00e3o em planos de sa\u00fade"},"content":{"rendered":"<p> A presidente do Supremo Tribunal Federal, ministra C\u00e1rmen L\u00facia, suspendeu temporariamente a Resolu\u00e7\u00e3o Normativa 433, de 28 de junho de 2018, da Ag\u00eancia Nacional de Sa\u00fade Suplementar (ANS) da Ag\u00eancia Nacional de Sa\u00fade (ANS) que \u201cprop\u00f5e-se a regulamentar, a utiliza\u00e7\u00e3o de mecanismos financeiros de regula\u00e7\u00e3o no \u00e2mbito dos <strong><em>planos privados de assist\u00eancia \u00e0 sa\u00fade<\/em><\/strong>, a exemplo de franquia e coparticipa\u00e7\u00e3o\u201d.<\/p>\n<p>De acordo com a decis\u00e3o, da presidente do STF, ao deferir a medida cautelar do Conselho Federal da Ordem dos Advogados do Brasil (OAB), ajuizada no \u00faltimo dia 13 de julho, a resolu\u00e7\u00e3o fica suspensa at\u00e9 o exame feito pelo ministro-relator, Celso de Mello, ou pelo plen\u00e1rio da Corte. A resolu\u00e7\u00e3o da ANS, publicada em junho, diz que os pacientes de planos dever\u00e3o pagar at\u00e9 40% no caso de haver cobran\u00e7a de franquia e coparticipa\u00e7\u00e3o sobre o valor de cada procedimento m\u00e9dico realizado.<\/p>\n<p>\u201cA referida resolu\u00e7\u00e3o foi muito al\u00e9m e desfigurou o marco legal de prote\u00e7\u00e3o do consumidor no pa\u00eds\u201d, \u2018tendo usurpado\u2019, \u201cda compet\u00eancia do Poder Executivo (e tamb\u00e9m do Poder Legislativo) por parte da Ag\u00eancia Nacional de Sa\u00fade Suplementar, que arvorou-se a regulamentar mat\u00e9ria &#8211; mecanismos de regula\u00e7\u00e3o financeira (franquia e coparticipa\u00e7\u00e3o) &#8211; sem a devida compet\u00eancia para tanto e, ainda, sem o devido processo legislativo\u201d, diz a OAB na a\u00e7\u00e3o.<\/p>\n<p>Nota da ANS<\/p>\n<p>A Ag\u00eancia Nacional de Sa\u00fade Suplementar (ANS), por meio de nota, informou que ainda \u201cn\u00e3o foi notificada oficialmente da propositura da a\u00e7\u00e3o, tampouco da decis\u00e3o do Supremo Tribunal Federal de suspender a Resolu\u00e7\u00e3o Normativa n\u00ba 433, relativa \u00e0s regras de coparticipa\u00e7\u00e3o e franquia.\u201d<\/p>\n<p>A Ag\u00eancia destaca, no entanto, \u201cque editou a norma observando rigorosamente o rito para edi\u00e7\u00e3o de ato administrativo normativo, especialmente quanto \u00e0 oportunidade de participa\u00e7\u00e3o da sociedade. Al\u00e9m disso, a norma foi analisada pela Advocacia-Geral da Uni\u00e3o sem que tenha sido identificada qualquer ilegalidade ou inconstitucionalidade\u201d.<\/p>\n<p>Ag\u00eancia Brasil<br \/>\nEdi\u00e7\u00e3o: A\u00e9cio Amado<br \/>\n17\/07\/2018<\/p>\n","protected":false},"excerpt":{"rendered":"<p>A presidente do Supremo Tribunal Federal, ministra C\u00e1rmen L\u00facia, suspendeu temporariamente a Resolu\u00e7\u00e3o Normativa 433, de 28 de junho de 2018, da Ag\u00eancia Nacional de Sa\u00fade Suplementar (ANS) da Ag\u00eancia Nacional de Sa\u00fade (ANS) que \u201cprop\u00f5e-se a regulamentar, a utiliza\u00e7\u00e3o de mecanismos financeiros de regula\u00e7\u00e3o no \u00e2mbito dos planos privados de assist\u00eancia \u00e0 sa\u00fade, a [&hellip;]<\/p>\n","protected":false},"author":2,"featured_media":35093,"comment_status":"open","ping_status":"closed","sticky":false,"template":"","format":"standard","meta":{"tdm_status":"","tdm_grid_status":"","footnotes":""},"categories":[22,5],"tags":[],"class_list":{"0":"post-146309","1":"post","2":"type-post","3":"status-publish","4":"format-standard","5":"has-post-thumbnail","7":"category-brasil","8":"category-saude-e-vida"},"_links":{"self":[{"href":"https:\/\/migracao.redenoticia.com.br\/noticia\/wp-json\/wp\/v2\/posts\/146309","targetHints":{"allow":["GET"]}}],"collection":[{"href":"https:\/\/migracao.redenoticia.com.br\/noticia\/wp-json\/wp\/v2\/posts"}],"about":[{"href":"https:\/\/migracao.redenoticia.com.br\/noticia\/wp-json\/wp\/v2\/types\/post"}],"author":[{"embeddable":true,"href":"https:\/\/migracao.redenoticia.com.br\/noticia\/wp-json\/wp\/v2\/users\/2"}],"replies":[{"embeddable":true,"href":"https:\/\/migracao.redenoticia.com.br\/noticia\/wp-json\/wp\/v2\/comments?post=146309"}],"version-history":[{"count":0,"href":"https:\/\/migracao.redenoticia.com.br\/noticia\/wp-json\/wp\/v2\/posts\/146309\/revisions"}],"wp:featuredmedia":[{"embeddable":true,"href":"https:\/\/migracao.redenoticia.com.br\/noticia\/wp-json\/wp\/v2\/media\/35093"}],"wp:attachment":[{"href":"https:\/\/migracao.redenoticia.com.br\/noticia\/wp-json\/wp\/v2\/media?parent=146309"}],"wp:term":[{"taxonomy":"category","embeddable":true,"href":"https:\/\/migracao.redenoticia.com.br\/noticia\/wp-json\/wp\/v2\/categories?post=146309"},{"taxonomy":"post_tag","embeddable":true,"href":"https:\/\/migracao.redenoticia.com.br\/noticia\/wp-json\/wp\/v2\/tags?post=146309"}],"curies":[{"name":"wp","href":"https:\/\/api.w.org\/{rel}","templated":true}]}}