{"id":146310,"date":"2018-07-17T00:59:31","date_gmt":"2018-07-17T03:59:31","guid":{"rendered":"https:\/\/www.redenoticia.com.br\/noticia\/?p=146310"},"modified":"2018-07-17T00:59:31","modified_gmt":"2018-07-17T03:59:31","slug":"mec-divulga-resultado-da-segunda-chamada-do-prouni-2","status":"publish","type":"post","link":"https:\/\/migracao.redenoticia.com.br\/noticia\/2018\/mec-divulga-resultado-da-segunda-chamada-do-prouni-2\/146310","title":{"rendered":"MEC divulga resultado da segunda chamada do ProUni"},"content":{"rendered":"<p> Os estudantes j\u00e1 podem conferir o resultado da segunda chamada do\u00a0, na\u00a0internet. A lista com os candidatos pr\u00e9-selecionados nesta chamada do segundo semestre de 2018 foi divulgada e os estudantes t\u00eam at\u00e9 o pr\u00f3ximo dia 23 para apresentar, nas institui\u00e7\u00f5es de ensino, os documentos que comprovem as informa\u00e7\u00f5es prestadas no momento da inscri\u00e7\u00e3o.<\/p>\n<p>A pr\u00e9-sele\u00e7\u00e3o assegura ao candidato apenas a expectativa de direito \u00e0 bolsa. Aquele que estiver na lista dever\u00e1 ainda ir \u00e0 institui\u00e7\u00e3o de ensino para comprovar as informa\u00e7\u00f5es. A lista com a documenta\u00e7\u00e3o necess\u00e1ria est\u00e1 na p\u00e1gina do ProUni.<\/p>\n<p>O candidato deve verificar, na institui\u00e7\u00e3o, os hor\u00e1rios e o local de comparecimento para a aferi\u00e7\u00e3o das informa\u00e7\u00f5es. A perda do prazo ou a n\u00e3o comprova\u00e7\u00e3o das informa\u00e7\u00f5es implicar\u00e1, automaticamente, na reprova\u00e7\u00e3o do candidato.<\/p>\n<p>Quem n\u00e3o foi selecionado em nenhuma das chamadas pode aderir \u00e0 lista de espera nos dias 30 e 31 de julho, na p\u00e1gina do ProUni, na internet. A lista de espera ser\u00e1 divulgada no dia 2 de agosto.<\/p>\n<p>O ProUni oferece bolsas de estudo em institui\u00e7\u00f5es privadas de ensino superior. Ao todo, neste processo seletivo, ser\u00e3o ofertadas 174.289 bolsas, sendo 68.884 integrais e 105.405 parciais, em 1.460 institui\u00e7\u00f5es.<\/p>\n<p>Yara Aquino &#8211; Rep\u00f3rter da Ag\u00eancia<br \/>\nEdi\u00e7\u00e3o: Fernando Fraga<br \/>\n17\/07\/2018<\/p>\n","protected":false},"excerpt":{"rendered":"<p>Os estudantes j\u00e1 podem conferir o resultado da segunda chamada do\u00a0, na\u00a0internet. A lista com os candidatos pr\u00e9-selecionados nesta chamada do segundo semestre de 2018 foi divulgada e os estudantes t\u00eam at\u00e9 o pr\u00f3ximo dia 23 para apresentar, nas institui\u00e7\u00f5es de ensino, os documentos que comprovem as informa\u00e7\u00f5es prestadas no momento da inscri\u00e7\u00e3o. A pr\u00e9-sele\u00e7\u00e3o [&hellip;]<\/p>\n","protected":false},"author":2,"featured_media":23011,"comment_status":"open","ping_status":"closed","sticky":false,"template":"","format":"standard","meta":{"tdm_status":"","tdm_grid_status":"","footnotes":""},"categories":[22,370,295],"tags":[],"class_list":{"0":"post-146310","1":"post","2":"type-post","3":"status-publish","4":"format-standard","5":"has-post-thumbnail","7":"category-brasil","8":"category-inscricao","9":"category-vestibular"},"_links":{"self":[{"href":"https:\/\/migracao.redenoticia.com.br\/noticia\/wp-json\/wp\/v2\/posts\/146310","targetHints":{"allow":["GET"]}}],"collection":[{"href":"https:\/\/migracao.redenoticia.com.br\/noticia\/wp-json\/wp\/v2\/posts"}],"about":[{"href":"https:\/\/migracao.redenoticia.com.br\/noticia\/wp-json\/wp\/v2\/types\/post"}],"author":[{"embeddable":true,"href":"https:\/\/migracao.redenoticia.com.br\/noticia\/wp-json\/wp\/v2\/users\/2"}],"replies":[{"embeddable":true,"href":"https:\/\/migracao.redenoticia.com.br\/noticia\/wp-json\/wp\/v2\/comments?post=146310"}],"version-history":[{"count":0,"href":"https:\/\/migracao.redenoticia.com.br\/noticia\/wp-json\/wp\/v2\/posts\/146310\/revisions"}],"wp:featuredmedia":[{"embeddable":true,"href":"https:\/\/migracao.redenoticia.com.br\/noticia\/wp-json\/wp\/v2\/media\/23011"}],"wp:attachment":[{"href":"https:\/\/migracao.redenoticia.com.br\/noticia\/wp-json\/wp\/v2\/media?parent=146310"}],"wp:term":[{"taxonomy":"category","embeddable":true,"href":"https:\/\/migracao.redenoticia.com.br\/noticia\/wp-json\/wp\/v2\/categories?post=146310"},{"taxonomy":"post_tag","embeddable":true,"href":"https:\/\/migracao.redenoticia.com.br\/noticia\/wp-json\/wp\/v2\/tags?post=146310"}],"curies":[{"name":"wp","href":"https:\/\/api.w.org\/{rel}","templated":true}]}}