{"id":146535,"date":"2018-07-19T16:09:05","date_gmt":"2018-07-19T19:09:05","guid":{"rendered":"https:\/\/www.redenoticia.com.br\/noticia\/?p=146535"},"modified":"2018-07-19T17:22:29","modified_gmt":"2018-07-19T20:22:29","slug":"resumo-novela-amanha-e-para-sempre-20-07-camilo-golpeia-steve","status":"publish","type":"post","link":"https:\/\/migracao.redenoticia.com.br\/noticia\/2018\/resumo-novela-amanha-e-para-sempre-20-07-camilo-golpeia-steve\/146535","title":{"rendered":"Resumo novela \u201cAmanh\u00e3 \u00e9 para sempre\u201d 20\/07: Camilo golpeia Steve"},"content":{"rendered":"<p><img loading=\"lazy\" decoding=\"async\" class=\"alignleft size-thumbnail wp-image-134147\" src=\"https:\/\/migracao.redenoticia.com.br\/noticia\/imagens\/amanha-e-para-sempre-sbt-novela-resumo-150x112.jpg\" alt=\"\" width=\"150\" height=\"112\" srcset=\"https:\/\/migracao.redenoticia.com.br\/noticia\/imagens\/amanha-e-para-sempre-sbt-novela-resumo-150x112.jpg 150w, https:\/\/migracao.redenoticia.com.br\/noticia\/imagens\/amanha-e-para-sempre-sbt-novela-resumo-265x198.jpg 265w\" sizes=\"auto, (max-width: 150px) 100vw, 150px\" \/><strong><em>Resumo novela \u201cAmanh\u00e3 \u00e9 para sempre\u201d 20\/07 <\/em><\/strong>: no cap\u00edtulo 110(*) da novela \u201cAmanh\u00e3 \u00e9 para sempre\u201d, resumo de sexta-feira, 20 de julho, Steve cai desmaiado, ap\u00f3s uma sombra o golpear, n\u00e3o consegue fazer nada nem distinguir quem foi seu agressor e termina inconsciente. V\u00eanus tem um mal pressentimento ao n\u00e3o saber nada de Steve, por isso decide sair para procur\u00e1-lo e o encontra jogado e muito machucado, por isso decide ligar para Eduardo para que o ajude. Eduardo se surpreende com a liga\u00e7\u00e3o. Art\u00eamio Bravo est\u00e1 desesperado para encontrar o di\u00e1rio de Ana Greg\u00f3ria, por isso amea\u00e7a Liliana e lhe diz que se ele n\u00e3o aparecer ficar\u00e1 muito irritado e dar\u00e1 por cancelado a viagem que tinham planejado para o Egito. <\/p>\n<p>Fernanda est\u00e1 muito aborrecida com Camilo, j\u00e1 que suspeita que foi ele quem golpeou Steve, ao que seu irm\u00e3o ironicamente responde suas acusa\u00e7\u00f5es deixando-se ver que de fato foi ele quem o golpeou. O Padre Bosco vai conversar com Art\u00eamio Bravo para que deixe Liliana em liberdade, este aceita sob algumas condi\u00e7\u00f5es que ao padre n\u00e3o lhe parecem t\u00e3o boas. Eduardo est\u00e1 cheio de ci\u00fames pela chegada de Miguel e recrimina a Fernanda pelo que aconteceu no jantar, ainda que ela lhe responda que n\u00e3o deve reagir dessa forma, j\u00e1 que ele est\u00e1 pr\u00f3xima a se casar com Erika. Eduardo destaca que n\u00e3o ama a Erika e a quem realmente alma \u00e9 Fernanda.<\/p>\n<p>(*) edi\u00e7\u00e3o do SBT, Novela \u201cAmanh\u00e3 \u00e9 para sempre\u201d, sujeito a altera\u00e7\u00e3o de data e conte\u00fado.<\/p>\n<p>Fernanda \u00e9 a filha ca\u00e7ula do fazendeiro Gonzalo Elizalde, dono de uma grande companhia leiteira, e Eduardo \u00e9 filho de Soledad, a governanta da fam\u00edlia Elizalde. As duas crian\u00e7as t\u00eam crescido juntas e unidas por um amor inocente e justo, apesar da diferen\u00e7a de classes sociais.<\/p>\n<p>Gonzalo vive feliz com sua esposa Montserrat e seus cinco filhos, sem suspeitar que um inimigo implac\u00e1vel acerca aos seus. Artemio Bravo sente um \u00f3dio intenso e amargo de Gonzalo, que tem corro\u00eddo sua mente e, sua \u00fanica meta \u00e9 destruir, lenta e dolorosamente, toda a fam\u00edlia Elizalde. Para isso, Artemio utiliza uma jovem sem escr\u00fapulos que chega a empresa de Gonzalo com o nome de Rebeca S\u00e1nchez, que, posteriormente, muda sua identidade para B\u00e1rbara Greco. Sua intelig\u00eancia causa boa impress\u00e3o em Gonzalo, que a contrata como sua assistente pessoal. Pouco a pouco, e com muita ast\u00facia, B\u00e1rbara obt\u00e9m total confian\u00e7a.<\/p>\n<p>As primeiras v\u00edtimas de B\u00e1rbara s\u00e3o Eduardo e Fernanda, que os descobre beijando-se. Muito sutil e venenosa, B\u00e1rbara convence Montserrat de que Eduardo pode ser um perigo para a menina e o garoto \u00e9 enviado para um internato na cidade. As cartas dos meninos chegam \u00e0s m\u00e3os de Soledad e ela, com muita dor, decide n\u00e3o entreg\u00e1-las a eles. Isso faz com que Fernanda se sinta esquecida por Eduardo.<\/p>\n","protected":false},"excerpt":{"rendered":"<p>Resumo novela \u201cAmanh\u00e3 \u00e9 para sempre\u201d 20\/07 : no cap\u00edtulo 110(*) da novela \u201cAmanh\u00e3 \u00e9 para sempre\u201d, resumo de sexta-feira, 20 de julho, Steve cai desmaiado, ap\u00f3s uma sombra o golpear, n\u00e3o consegue fazer nada nem distinguir quem foi seu agressor e termina inconsciente. V\u00eanus tem um mal pressentimento ao n\u00e3o saber nada de Steve, [&hellip;]<\/p>\n","protected":false},"author":4,"featured_media":134147,"comment_status":"open","ping_status":"closed","sticky":false,"template":"","format":"standard","meta":{"tdm_status":"","tdm_grid_status":"","footnotes":""},"categories":[379,372,343],"tags":[441],"class_list":{"0":"post-146535","1":"post","2":"type-post","3":"status-publish","4":"format-standard","5":"has-post-thumbnail","7":"category-novelas","8":"category-sbt","9":"category-televisao","10":"tag-resumo-do-dia"},"_links":{"self":[{"href":"https:\/\/migracao.redenoticia.com.br\/noticia\/wp-json\/wp\/v2\/posts\/146535","targetHints":{"allow":["GET"]}}],"collection":[{"href":"https:\/\/migracao.redenoticia.com.br\/noticia\/wp-json\/wp\/v2\/posts"}],"about":[{"href":"https:\/\/migracao.redenoticia.com.br\/noticia\/wp-json\/wp\/v2\/types\/post"}],"author":[{"embeddable":true,"href":"https:\/\/migracao.redenoticia.com.br\/noticia\/wp-json\/wp\/v2\/users\/4"}],"replies":[{"embeddable":true,"href":"https:\/\/migracao.redenoticia.com.br\/noticia\/wp-json\/wp\/v2\/comments?post=146535"}],"version-history":[{"count":0,"href":"https:\/\/migracao.redenoticia.com.br\/noticia\/wp-json\/wp\/v2\/posts\/146535\/revisions"}],"wp:featuredmedia":[{"embeddable":true,"href":"https:\/\/migracao.redenoticia.com.br\/noticia\/wp-json\/wp\/v2\/media\/134147"}],"wp:attachment":[{"href":"https:\/\/migracao.redenoticia.com.br\/noticia\/wp-json\/wp\/v2\/media?parent=146535"}],"wp:term":[{"taxonomy":"category","embeddable":true,"href":"https:\/\/migracao.redenoticia.com.br\/noticia\/wp-json\/wp\/v2\/categories?post=146535"},{"taxonomy":"post_tag","embeddable":true,"href":"https:\/\/migracao.redenoticia.com.br\/noticia\/wp-json\/wp\/v2\/tags?post=146535"}],"curies":[{"name":"wp","href":"https:\/\/api.w.org\/{rel}","templated":true}]}}