{"id":146541,"date":"2018-07-19T16:11:39","date_gmt":"2018-07-19T19:11:39","guid":{"rendered":"https:\/\/www.redenoticia.com.br\/noticia\/?p=146541"},"modified":"2018-07-19T17:23:54","modified_gmt":"2018-07-19T20:23:54","slug":"resumo-novela-belissima-20-07-murat-e-bia-se-encontram","status":"publish","type":"post","link":"https:\/\/migracao.redenoticia.com.br\/noticia\/2018\/resumo-novela-belissima-20-07-murat-e-bia-se-encontram\/146541","title":{"rendered":"Resumo novela \u201cBel\u00edssima\u201d 20\/07: Murat e Bia se encontram"},"content":{"rendered":"<p><img loading=\"lazy\" decoding=\"async\" class=\"alignleft size-thumbnail wp-image-143034\" src=\"https:\/\/migracao.redenoticia.com.br\/noticia\/imagens\/belissima-novela-globo-resumo-capitulo-150x112.jpg\" alt=\"\" width=\"150\" height=\"112\" srcset=\"https:\/\/migracao.redenoticia.com.br\/noticia\/imagens\/belissima-novela-globo-resumo-capitulo-150x112.jpg 150w, https:\/\/migracao.redenoticia.com.br\/noticia\/imagens\/belissima-novela-globo-resumo-capitulo-265x198.jpg 265w\" sizes=\"auto, (max-width: 150px) 100vw, 150px\" \/><strong><em>Resumo novela \u201cBel\u00edssima\u201d 20\/07 <\/em><\/strong>: no cap\u00edtulo 031(*) da novela \u201cBel\u00edssima\u201d, resumo de sexta-feira, 20 de julho, Nikos nega que os dois j\u00e1 tenham se visto, quando Cemil acha-o familiar. Os dois conversam, enquanto visitam a f\u00e1brica. M\u00f4nica promete que n\u00e3o vai abandonar Toninho. Toninho sugere que se case com Alberto. Safira separa briga de Maria Jo\u00e3o e Giovanna. Narciso e \u00c9rica se divertem na academia. Cemil convida Nikos para ir ao bar da f\u00e1brica. Katina deixa cair uma travessa quando Cemil conta que conheceu Nikos. Murat fica cismado. Guida e Gigi n\u00e3o conseguem informa\u00e7\u00e3o no orfanato. <\/p>\n<p>Mateus briga com Narciso por causa de \u00c9rica.Narciso leva \u00c9rica em casa. Safira, Alberto, Giovanna e Louren\u00e7o (Lui Mendes) jantam juntos. Alberto mente que est\u00e1 se sentindo mal e vai embora. Murat pede que Cemil descubra o sobrenome do grego. Maria Jo\u00e3o fica com o rosto inchado a por causa da maquiagem que ganhou da m\u00e3e, e se irrita ao saber que Safira comprou no camel\u00f4. Gigi, Guida e Mary encontram Alberto no restaurante. M\u00f4nica decide n\u00e3o se encontrar com Alberto. Cemil pede que Katina se abra com ele. Murat vai ao encontro de Peppe e se depara com Bia.<\/p>\n<p>(*) edi\u00e7\u00e3o da Rede Globo, Novela \u201cBel\u00edssima\u201d, sujeito a altera\u00e7\u00e3o de data e conte\u00fado.<\/p>\n<p>Simp\u00e1tica, bem-sucedida e discreta, J\u00falia Assump\u00e7\u00e3o \u00e9 presidente da Bel\u00edssima, refer\u00eancia mundial no setor de roupas \u00edntimas. Sua av\u00f3, Bia Falc\u00e3o, a pressiona para se tornar parecida com a m\u00e3e, Stella Assump\u00e7\u00e3o \u2013 que foi uma modelo bastante famosa, mito de beleza na d\u00e9cada de 1960. Fundadora da marca Bel\u00edssima, Stella morreu em um acidente de avi\u00e3o junto com seu marido, deixando \u00f3rf\u00e3os J\u00falia e Pedro. Desde ent\u00e3o, Bia Falc\u00e3o se tornou respons\u00e1vel pelos dois, tendo-os criado. At\u00e9 hoje tenta controlar a vida deles. Em casa, J\u00falia s\u00f3 encontra apoio no tio, Argemiro Falc\u00e3o, vulgo Gigi, e na governanta, Matilde. Bia faz de tudo para J\u00falia se sentir culpada pela morte dos pais.<\/p>\n<p>A vil\u00e3 far\u00e1 de tudo para acabar com os romances de Pedro com Vit\u00f3ria, uma ex- menina de rua que ele escolheu para ser sua esposa, com quem tem uma filha, e Vit\u00f3ria ser\u00e1 perseguida pela vil\u00e3 durante toda a trama, por\u00e9m, sem perder a fibra e a coragem; e de J\u00falia com Andr\u00e9 Santana. Este, apesar de n\u00e3o parecer inicialmente, \u00e9 um grande e terr\u00edvel vil\u00e3o, diab\u00f3lico e ambicioso, que almeja ser dono da Bel\u00edssima em conjunto com seu pai, Aquilino Santana, o seu Quiqui, que aparenta ser um bom velhinho, mas \u00e9, na verdade, um bandido da pior esp\u00e9cie, ex-matador de aluguel. Andr\u00e9 vai se envolver com J\u00falia e com a filha de J\u00falia, \u00c9rica, uma mulher f\u00fatil e perversa como a bisav\u00f3 Bia Falc\u00e3o. \u00c9rica \u00e9 aspirante a modelo.<\/p>\n","protected":false},"excerpt":{"rendered":"<p>Resumo novela \u201cBel\u00edssima\u201d 20\/07 : no cap\u00edtulo 031(*) da novela \u201cBel\u00edssima\u201d, resumo de sexta-feira, 20 de julho, Nikos nega que os dois j\u00e1 tenham se visto, quando Cemil acha-o familiar. Os dois conversam, enquanto visitam a f\u00e1brica. M\u00f4nica promete que n\u00e3o vai abandonar Toninho. Toninho sugere que se case com Alberto. Safira separa briga de [&hellip;]<\/p>\n","protected":false},"author":4,"featured_media":143034,"comment_status":"open","ping_status":"closed","sticky":false,"template":"","format":"standard","meta":{"tdm_status":"","tdm_grid_status":"","footnotes":""},"categories":[485,379,375,343],"tags":[441],"class_list":{"0":"post-146541","1":"post","2":"type-post","3":"status-publish","4":"format-standard","5":"has-post-thumbnail","7":"category-belissima","8":"category-novelas","9":"category-rede-globo","10":"category-televisao","11":"tag-resumo-do-dia"},"_links":{"self":[{"href":"https:\/\/migracao.redenoticia.com.br\/noticia\/wp-json\/wp\/v2\/posts\/146541","targetHints":{"allow":["GET"]}}],"collection":[{"href":"https:\/\/migracao.redenoticia.com.br\/noticia\/wp-json\/wp\/v2\/posts"}],"about":[{"href":"https:\/\/migracao.redenoticia.com.br\/noticia\/wp-json\/wp\/v2\/types\/post"}],"author":[{"embeddable":true,"href":"https:\/\/migracao.redenoticia.com.br\/noticia\/wp-json\/wp\/v2\/users\/4"}],"replies":[{"embeddable":true,"href":"https:\/\/migracao.redenoticia.com.br\/noticia\/wp-json\/wp\/v2\/comments?post=146541"}],"version-history":[{"count":0,"href":"https:\/\/migracao.redenoticia.com.br\/noticia\/wp-json\/wp\/v2\/posts\/146541\/revisions"}],"wp:featuredmedia":[{"embeddable":true,"href":"https:\/\/migracao.redenoticia.com.br\/noticia\/wp-json\/wp\/v2\/media\/143034"}],"wp:attachment":[{"href":"https:\/\/migracao.redenoticia.com.br\/noticia\/wp-json\/wp\/v2\/media?parent=146541"}],"wp:term":[{"taxonomy":"category","embeddable":true,"href":"https:\/\/migracao.redenoticia.com.br\/noticia\/wp-json\/wp\/v2\/categories?post=146541"},{"taxonomy":"post_tag","embeddable":true,"href":"https:\/\/migracao.redenoticia.com.br\/noticia\/wp-json\/wp\/v2\/tags?post=146541"}],"curies":[{"name":"wp","href":"https:\/\/api.w.org\/{rel}","templated":true}]}}