{"id":146639,"date":"2018-07-20T14:47:31","date_gmt":"2018-07-20T17:47:31","guid":{"rendered":"https:\/\/www.redenoticia.com.br\/noticia\/?p=146639"},"modified":"2018-07-20T14:47:31","modified_gmt":"2018-07-20T17:47:31","slug":"resumo-novela-orgulho-e-paixao-21-07-lady-margareth-chantageia-darcy","status":"publish","type":"post","link":"https:\/\/migracao.redenoticia.com.br\/noticia\/2018\/resumo-novela-orgulho-e-paixao-21-07-lady-margareth-chantageia-darcy\/146639","title":{"rendered":"Resumo novela \u201cOrgulho e Paix\u00e3o\u201d 21\/07: Lady Margareth chantageia Darcy"},"content":{"rendered":"<p><img loading=\"lazy\" decoding=\"async\" src=\"https:\/\/migracao.redenoticia.com.br\/noticia\/imagens\/orgulho-e-paixao-novela-globo-resumo-Foto-Joao-Miguel-junior-tv-globo-150x112.jpg\" alt=\"\" width=\"150\" height=\"112\" class=\"alignleft size-thumbnail wp-image-134200\" srcset=\"https:\/\/migracao.redenoticia.com.br\/noticia\/imagens\/orgulho-e-paixao-novela-globo-resumo-Foto-Joao-Miguel-junior-tv-globo-150x112.jpg 150w, https:\/\/migracao.redenoticia.com.br\/noticia\/imagens\/orgulho-e-paixao-novela-globo-resumo-Foto-Joao-Miguel-junior-tv-globo-265x198.jpg 265w\" sizes=\"auto, (max-width: 150px) 100vw, 150px\" \/><strong><em>Resumo novela \u201cOrgulho e Paix\u00e3o\u201d 21\/07 <\/em><\/strong>: no cap\u00edtulo 107(*) da novela \u201cOrgulho e Paix\u00e3o\u201d, resumo de s\u00e1bado, 21 de julho, Jane v\u00ea Elisabeta e Ven\u00e2ncio serem levados por Kl\u00e9ber e se desespera. Lady Margareth comemora com Susana. Ernesto e Ema chegam ao bangal\u00f4 de Ludmila. Camilo avisa a Darcy sobre a pris\u00e3o de Elisabeta e Jane fala com Jorge. Felisberto estranha a antecipa\u00e7\u00e3o do casamento de L\u00eddia. Vestida como M\u00e1rio, Mariana vai \u00e0 casa de Brand\u00e3o. Oleg\u00e1rio se culpa pela pris\u00e3o de Elisabeta,e Charlotte o consola. Julieta enfrenta Kl\u00e9ber. Darcy fala com Elisabeta na cadeia. Ema reclama da falta de comida. Luccino fica intrigado com Ot\u00e1vio. Josephine pede que Cec\u00edlia esconda sua liga\u00e7\u00e3o com Uirapuru. Darcy percebe o envolvimento de sua tia na pris\u00e3o de Elisabeta. Susana parabeniza Pet\u00falia. Jorge conversa com Elisabeta. Josephine critica Cec\u00edlia para Fani e Edmundo. M\u00e1rio\/Mariana e Brand\u00e3o vencem Xavier na corrida. Darcy procura Lady Margareth. Julieta fala com Elisabeta. Lady Margareth avisa que Darcy ter\u00e1 que se casar com Susana para que Elisabeta seja libertada da pris\u00e3o.<\/p>\n<p>(*) edi\u00e7\u00e3o da Rede Globo, Novela \u201cOrgulho e Paix\u00e3o\u201d, sujeito a altera\u00e7\u00e3o de data e conte\u00fado.<\/p>\n<p>No fict\u00edcio Vale do Caf\u00e9, interior de S\u00e3o Paulo, nossos personagens vivem seus conflitos sociais e de conduta, que sempre se contrap\u00f5em aos desejos pessoais de cada um. Elisabeta (Nathalia Dill) \u00e9 uma mulher \u00e0 frente do seu tempo, com pensamentos igualit\u00e1rios e interesses at\u00edpicos para uma jovem do in\u00edcio do s\u00e9culo XX. Ela deseja trabalhar, conhecer o mundo e \u00e9 incentivada a realizar seus sonhos pelo pai, Felisberto (Tato Gabus Mendes), que vive \u00e0s turras com a mulher, Of\u00e9lia (Vera Holtz), por pensarem diferente sobre a cria\u00e7\u00e3o das filhas. Ao todo, o casal teve cinco mulheres, e cada uma com uma personalidade diferente.<\/p>\n<p>A personagem de Nathalia Dill entrar\u00e1 em conflito quando se apaixonar por Darcy (Thiago Lacerda), um homem de car\u00e1ter e muito sisudo. O amor n\u00e3o \u00e9 \u00e0 primeira vista, j\u00e1 que os dois n\u00e3o se entendem assim que se conhecem. O sentimento de repulsa dar\u00e1 lugar a uma grande paix\u00e3o, que ser\u00e1 negada pelo casal o m\u00e1ximo poss\u00edvel.<\/p>\n","protected":false},"excerpt":{"rendered":"<p>Resumo novela \u201cOrgulho e Paix\u00e3o\u201d 21\/07 : no cap\u00edtulo 107(*) da novela \u201cOrgulho e Paix\u00e3o\u201d, resumo de s\u00e1bado, 21 de julho, Jane v\u00ea Elisabeta e Ven\u00e2ncio serem levados por Kl\u00e9ber e se desespera. Lady Margareth comemora com Susana. Ernesto e Ema chegam ao bangal\u00f4 de Ludmila. Camilo avisa a Darcy sobre a pris\u00e3o de Elisabeta [&hellip;]<\/p>\n","protected":false},"author":4,"featured_media":140831,"comment_status":"open","ping_status":"closed","sticky":false,"template":"","format":"standard","meta":{"tdm_status":"","tdm_grid_status":"","footnotes":""},"categories":[379,467,343],"tags":[441],"class_list":{"0":"post-146639","1":"post","2":"type-post","3":"status-publish","4":"format-standard","5":"has-post-thumbnail","7":"category-novelas","8":"category-orgulho-e-paixao","9":"category-televisao","10":"tag-resumo-do-dia"},"_links":{"self":[{"href":"https:\/\/migracao.redenoticia.com.br\/noticia\/wp-json\/wp\/v2\/posts\/146639","targetHints":{"allow":["GET"]}}],"collection":[{"href":"https:\/\/migracao.redenoticia.com.br\/noticia\/wp-json\/wp\/v2\/posts"}],"about":[{"href":"https:\/\/migracao.redenoticia.com.br\/noticia\/wp-json\/wp\/v2\/types\/post"}],"author":[{"embeddable":true,"href":"https:\/\/migracao.redenoticia.com.br\/noticia\/wp-json\/wp\/v2\/users\/4"}],"replies":[{"embeddable":true,"href":"https:\/\/migracao.redenoticia.com.br\/noticia\/wp-json\/wp\/v2\/comments?post=146639"}],"version-history":[{"count":0,"href":"https:\/\/migracao.redenoticia.com.br\/noticia\/wp-json\/wp\/v2\/posts\/146639\/revisions"}],"wp:featuredmedia":[{"embeddable":true,"href":"https:\/\/migracao.redenoticia.com.br\/noticia\/wp-json\/wp\/v2\/media\/140831"}],"wp:attachment":[{"href":"https:\/\/migracao.redenoticia.com.br\/noticia\/wp-json\/wp\/v2\/media?parent=146639"}],"wp:term":[{"taxonomy":"category","embeddable":true,"href":"https:\/\/migracao.redenoticia.com.br\/noticia\/wp-json\/wp\/v2\/categories?post=146639"},{"taxonomy":"post_tag","embeddable":true,"href":"https:\/\/migracao.redenoticia.com.br\/noticia\/wp-json\/wp\/v2\/tags?post=146639"}],"curies":[{"name":"wp","href":"https:\/\/api.w.org\/{rel}","templated":true}]}}