{"id":146643,"date":"2018-07-20T14:48:34","date_gmt":"2018-07-20T17:48:34","guid":{"rendered":"https:\/\/www.redenoticia.com.br\/noticia\/?p=146643"},"modified":"2018-07-20T14:48:34","modified_gmt":"2018-07-20T17:48:34","slug":"resumo-novela-deus-salve-o-rei-21-07-rodolfo-vai-ao-encontro-de-afonso","status":"publish","type":"post","link":"https:\/\/migracao.redenoticia.com.br\/noticia\/2018\/resumo-novela-deus-salve-o-rei-21-07-rodolfo-vai-ao-encontro-de-afonso\/146643","title":{"rendered":"Resumo novela \u201cDeus Salve o Rei\u201d 21\/07: Rodolfo vai ao encontro de Afonso"},"content":{"rendered":"<p><img loading=\"lazy\" decoding=\"async\" class=\"alignleft size-thumbnail wp-image-128932\" src=\"https:\/\/migracao.redenoticia.com.br\/noticia\/imagens\/deus-salve-o-rei-novela-globo-resumo-capitulo-150x112.jpg\" alt=\"\" width=\"150\" height=\"112\" srcset=\"https:\/\/migracao.redenoticia.com.br\/noticia\/imagens\/deus-salve-o-rei-novela-globo-resumo-capitulo-150x112.jpg 150w, https:\/\/migracao.redenoticia.com.br\/noticia\/imagens\/deus-salve-o-rei-novela-globo-resumo-capitulo-265x198.jpg 265w\" sizes=\"auto, (max-width: 150px) 100vw, 150px\" \/><strong><em>Resumo novela \u201cDeus Salve o Rei\u201d 21\/07 <\/em><\/strong>: no cap\u00edtulo 167(*) da novela \u201cDeus Salve o Rei\u201d, resumo s\u00e1bado, 21 de julho, Catarina sofre com as revela\u00e7\u00f5es de Augusto. Agnes promete a Selena que consultar\u00e1 o livro de Brice para fazer Afonso se lembrar do que aconteceu na noite em que supostamente dormiu com Catarina. Ot\u00e1vio tenta convencer Rodolfo a participar de uma emboscada contra Afonso. Lucr\u00e9cia alerta Rodolfo sobre Ot\u00e1vio. Afonso se surpreende com a visita de Rodolfo. Gl\u00f3ria procura Osiel. Carruagens partem de Montemor e s\u00e3o interceptadas pelo ex\u00e9rcito de Ot\u00e1vio.<\/p>\n<p>(*) edi\u00e7\u00e3o da Rede Globo, Novela \u201cDeus Salve o Rei\u201d, sujeito a altera\u00e7\u00e3o de data e conte\u00fado.<\/p>\n<p>Deus Salve o Rei \u00e9 uma telenovela brasileira produzida pela Rede Globo. Escrita por Daniel Adjafre, com colabora\u00e7\u00e3o de S\u00e9rgio Marques, Ang\u00e9lica Lopes, Dino Cantelli, Cl\u00e1udia Gomes e P\u00e9ricles Barros, conta com a dire\u00e7\u00e3o de Jo\u00e3o Bothauser, Oscar Francisco, Pedro Brenelli e Bernardo S\u00e1, dire\u00e7\u00e3o geral de Luciano Sabino, tem dire\u00e7\u00e3o art\u00edstica de Fabr\u00edcio Mamberti. Conta com Marina Ruy Barbosa, R\u00f4mulo Estrela, Johnny Massaro, Ricardo Pereira, Tat\u00e1 Werneck, Marco Nanini, Jos\u00e9 Fidalgo e Bruna Marquezine nos pap\u00e9is principais.<\/p>\n","protected":false},"excerpt":{"rendered":"<p>Resumo novela \u201cDeus Salve o Rei\u201d 21\/07 : no cap\u00edtulo 167(*) da novela \u201cDeus Salve o Rei\u201d, resumo s\u00e1bado, 21 de julho, Catarina sofre com as revela\u00e7\u00f5es de Augusto. Agnes promete a Selena que consultar\u00e1 o livro de Brice para fazer Afonso se lembrar do que aconteceu na noite em que supostamente dormiu com Catarina. [&hellip;]<\/p>\n","protected":false},"author":4,"featured_media":128932,"comment_status":"open","ping_status":"closed","sticky":false,"template":"","format":"standard","meta":{"tdm_status":"","tdm_grid_status":"","footnotes":""},"categories":[464,379,375,343],"tags":[441],"class_list":{"0":"post-146643","1":"post","2":"type-post","3":"status-publish","4":"format-standard","5":"has-post-thumbnail","7":"category-deus-salve-o-rei","8":"category-novelas","9":"category-rede-globo","10":"category-televisao","11":"tag-resumo-do-dia"},"_links":{"self":[{"href":"https:\/\/migracao.redenoticia.com.br\/noticia\/wp-json\/wp\/v2\/posts\/146643","targetHints":{"allow":["GET"]}}],"collection":[{"href":"https:\/\/migracao.redenoticia.com.br\/noticia\/wp-json\/wp\/v2\/posts"}],"about":[{"href":"https:\/\/migracao.redenoticia.com.br\/noticia\/wp-json\/wp\/v2\/types\/post"}],"author":[{"embeddable":true,"href":"https:\/\/migracao.redenoticia.com.br\/noticia\/wp-json\/wp\/v2\/users\/4"}],"replies":[{"embeddable":true,"href":"https:\/\/migracao.redenoticia.com.br\/noticia\/wp-json\/wp\/v2\/comments?post=146643"}],"version-history":[{"count":0,"href":"https:\/\/migracao.redenoticia.com.br\/noticia\/wp-json\/wp\/v2\/posts\/146643\/revisions"}],"wp:featuredmedia":[{"embeddable":true,"href":"https:\/\/migracao.redenoticia.com.br\/noticia\/wp-json\/wp\/v2\/media\/128932"}],"wp:attachment":[{"href":"https:\/\/migracao.redenoticia.com.br\/noticia\/wp-json\/wp\/v2\/media?parent=146643"}],"wp:term":[{"taxonomy":"category","embeddable":true,"href":"https:\/\/migracao.redenoticia.com.br\/noticia\/wp-json\/wp\/v2\/categories?post=146643"},{"taxonomy":"post_tag","embeddable":true,"href":"https:\/\/migracao.redenoticia.com.br\/noticia\/wp-json\/wp\/v2\/tags?post=146643"}],"curies":[{"name":"wp","href":"https:\/\/api.w.org\/{rel}","templated":true}]}}