{"id":146682,"date":"2018-07-21T00:27:14","date_gmt":"2018-07-21T03:27:14","guid":{"rendered":"https:\/\/www.redenoticia.com.br\/noticia\/?p=146682"},"modified":"2018-07-21T00:30:06","modified_gmt":"2018-07-21T03:30:06","slug":"resumo-novela-coracao-indomavel-23-07-maricruz-acredita-que-lupita-esta-doente","status":"publish","type":"post","link":"https:\/\/migracao.redenoticia.com.br\/noticia\/2018\/resumo-novela-coracao-indomavel-23-07-maricruz-acredita-que-lupita-esta-doente\/146682","title":{"rendered":"Resumo novela \u201cCora\u00e7\u00e3o Indom\u00e1vel\u201d 23\/07: Maricruz acredita que Lupita est\u00e1 doente"},"content":{"rendered":"<p> <img loading=\"lazy\" decoding=\"async\" src=\"https:\/\/migracao.redenoticia.com.br\/noticia\/imagens\/coracao_indomavel_sbt_novela_resumo-150x112.jpg\" alt=\"\" width=\"150\" height=\"112\" class=\"alignleft size-thumbnail wp-image-66161\" srcset=\"https:\/\/migracao.redenoticia.com.br\/noticia\/imagens\/coracao_indomavel_sbt_novela_resumo-150x112.jpg 150w, https:\/\/migracao.redenoticia.com.br\/noticia\/imagens\/coracao_indomavel_sbt_novela_resumo-265x198.jpg 265w\" sizes=\"auto, (max-width: 150px) 100vw, 150px\" \/><strong><em>Resumo novela \u201cCora\u00e7\u00e3o Indom\u00e1vel\u201d 23\/07 <\/em><\/strong>: no cap\u00edtulo 136(*) da novela \u201cCora\u00e7\u00e3o Indom\u00e1vel\u201d, segunda-feira, 23 de julho, em sua cela de castigo, Carola vai \u00e0 procura de Maricruz para provoc\u00e1-la. Maricruz a adverte que n\u00e3o ficar\u00e1 mais de bra\u00e7os cruzados e responder\u00e1 aos insultos a altura. Elsa diz a Alvaro que o odeia. Carol mente para Maricruz, dizendo lhe que Ot\u00e1vio foi a cadeia para avisar que Lupita est\u00e1 muito doente. Ot\u00e1vio leva Doris para conhecer Lupita e Miguelzinho. Dominga, a pedido de Carola, confirma para Maricruz a mentira sobre Lupita. Natasha diz a Jo\u00e3o Jos\u00e9 que Anibal foi quem matou Afonso. <\/p>\n<p>Na cela de castigo, Maricruz pede desesperadamente que a permitam falar com sua filha. Natasha planeja junto a Jo\u00e3o Jos\u00e9 denunciar Anibal para as autoridades. Jo\u00e3o diz acreditar ser uma m\u00e1 ideia, pois Anibal pode negar a vers\u00e3o de Natasha e criar problemas para eles. Teresa se aproxima da cela de castigo e pede a Maricruz que se acalme, pois Carola e Dominga mentiram sobre Lupita. No hospital, Jos\u00e9 Antonio tenta se mover em sua cama e se desespera ao notar que n\u00e3o consegue mover as pernas. <\/p>\n<p>O advogado Navarro informa Ot\u00e1vio que n\u00e3o cobrar\u00e1 nada de seus honor\u00e1rios na defesa de Maricruz e que Alvaro est\u00e1 disposto a pagar caso ele fa\u00e7a quest\u00e3o do pagamento. O Doutor Guerra informa Jos\u00e9 Antonio que, como consequ\u00eancia dos golpes que recebeu, ficar\u00e1 paralitico. Jos\u00e9 Antonio se altera com a informa\u00e7\u00e3o e diz a Esther que prefere morrer. No Aeroporto, Anibal se esconde no trem de aterrizagem de um avi\u00e3o. Cira e Teresa levam Carmela ao escrit\u00f3rio do diretor e ela acaba confessando que Maricruz n\u00e3o atacou Carola. Natasha escuta a not\u00edcia que um homem morreu ao tentar viajar ilegalmente para a Alemanha.<\/p>\n<p>(*) edi\u00e7\u00e3o do SBT, Novela \u201cCora\u00e7\u00e3o Indom\u00e1vel\u201d, sujeito a altera\u00e7\u00e3o de data e conte\u00fado.<\/p>\n<p>Sinopse &#8211; Maria Alessandra Mendon\u00e7a Olivares, mais conhecida como Maricruz Olivares (Ana Brenda Contreras) vive com Ramiro (Ignacio L\u00f3pez Tarso), seu av\u00f4 materno, e com Soledad (Gaby Mellado), sua irm\u00e3 adotiva, que \u00e9 surda-muda e que foi abandonada quando pequena. Sua casa \u00e9 uma cabana situada em plena natureza, aos arredores da fazenda Narv\u00e1ez.  Miguel (Ren\u00e9 Strickler) e Ot\u00e1vio (Daniel Arenas) s\u00e3o irm\u00e3os e donos da fazenda Narv\u00e1ez, que est\u00e1 hipotecada pela m\u00e1 administra\u00e7\u00e3o de Miguel, o irm\u00e3o mais velho. Ot\u00e1vio \u00e9 piloto e chega \u00e0 fazenda necessitado de dinheiro pois ficou sem trabalho e quer que as terras sejam vendidas, mas sem imaginar, logo vai esquecendo esse objetivo, pois descobre que a terra, a planta\u00e7\u00e3o e o trato com os trabalhadores, s\u00e3o motivo de paix\u00e3o para ele. <\/p>\n","protected":false},"excerpt":{"rendered":"<p>Resumo novela \u201cCora\u00e7\u00e3o Indom\u00e1vel\u201d 23\/07 : no cap\u00edtulo 136(*) da novela \u201cCora\u00e7\u00e3o Indom\u00e1vel\u201d, segunda-feira, 23 de julho, em sua cela de castigo, Carola vai \u00e0 procura de Maricruz para provoc\u00e1-la. Maricruz a adverte que n\u00e3o ficar\u00e1 mais de bra\u00e7os cruzados e responder\u00e1 aos insultos a altura. Elsa diz a Alvaro que o odeia. Carol mente [&hellip;]<\/p>\n","protected":false},"author":2,"featured_media":66161,"comment_status":"open","ping_status":"closed","sticky":false,"template":"","format":"standard","meta":{"tdm_status":"","tdm_grid_status":"","footnotes":""},"categories":[379,372,343],"tags":[441],"class_list":{"0":"post-146682","1":"post","2":"type-post","3":"status-publish","4":"format-standard","5":"has-post-thumbnail","7":"category-novelas","8":"category-sbt","9":"category-televisao","10":"tag-resumo-do-dia"},"_links":{"self":[{"href":"https:\/\/migracao.redenoticia.com.br\/noticia\/wp-json\/wp\/v2\/posts\/146682","targetHints":{"allow":["GET"]}}],"collection":[{"href":"https:\/\/migracao.redenoticia.com.br\/noticia\/wp-json\/wp\/v2\/posts"}],"about":[{"href":"https:\/\/migracao.redenoticia.com.br\/noticia\/wp-json\/wp\/v2\/types\/post"}],"author":[{"embeddable":true,"href":"https:\/\/migracao.redenoticia.com.br\/noticia\/wp-json\/wp\/v2\/users\/2"}],"replies":[{"embeddable":true,"href":"https:\/\/migracao.redenoticia.com.br\/noticia\/wp-json\/wp\/v2\/comments?post=146682"}],"version-history":[{"count":0,"href":"https:\/\/migracao.redenoticia.com.br\/noticia\/wp-json\/wp\/v2\/posts\/146682\/revisions"}],"wp:featuredmedia":[{"embeddable":true,"href":"https:\/\/migracao.redenoticia.com.br\/noticia\/wp-json\/wp\/v2\/media\/66161"}],"wp:attachment":[{"href":"https:\/\/migracao.redenoticia.com.br\/noticia\/wp-json\/wp\/v2\/media?parent=146682"}],"wp:term":[{"taxonomy":"category","embeddable":true,"href":"https:\/\/migracao.redenoticia.com.br\/noticia\/wp-json\/wp\/v2\/categories?post=146682"},{"taxonomy":"post_tag","embeddable":true,"href":"https:\/\/migracao.redenoticia.com.br\/noticia\/wp-json\/wp\/v2\/tags?post=146682"}],"curies":[{"name":"wp","href":"https:\/\/api.w.org\/{rel}","templated":true}]}}