{"id":146684,"date":"2018-07-21T00:29:56","date_gmt":"2018-07-21T03:29:56","guid":{"rendered":"https:\/\/www.redenoticia.com.br\/noticia\/?p=146684"},"modified":"2018-07-21T00:29:56","modified_gmt":"2018-07-21T03:29:56","slug":"resumo-novela-que-pobres-tao-ricos-23-07-isabel-manda-miguel-se-casar-com-minerva","status":"publish","type":"post","link":"https:\/\/migracao.redenoticia.com.br\/noticia\/2018\/resumo-novela-que-pobres-tao-ricos-23-07-isabel-manda-miguel-se-casar-com-minerva\/146684","title":{"rendered":"Resumo novela \u201cQue Pobres T\u00e3o Ricos\u201d 23\/07: Isabel manda Miguel se casar com Minerva"},"content":{"rendered":"<p> <img loading=\"lazy\" decoding=\"async\" src=\"https:\/\/migracao.redenoticia.com.br\/noticia\/imagens\/que-pobres-tao-ricos-novela-resumo-sbt-150x112.jpg\" alt=\"\" width=\"150\" height=\"112\" class=\"alignleft size-thumbnail wp-image-146219\" srcset=\"https:\/\/migracao.redenoticia.com.br\/noticia\/imagens\/que-pobres-tao-ricos-novela-resumo-sbt-150x112.jpg 150w, https:\/\/migracao.redenoticia.com.br\/noticia\/imagens\/que-pobres-tao-ricos-novela-resumo-sbt-265x198.jpg 265w\" sizes=\"auto, (max-width: 150px) 100vw, 150px\" \/><strong><em>Resumo novela \u201cQue Pobres T\u00e3o Ricos\u201d 23\/07 <\/em><\/strong>: no cap\u00edtulo 001(*) da novela \u201cQue Pobres T\u00e3o Ricos\u201d, resumo de segunda-feira, 23 de julho, em um ringue de boxe, prestes a entrar para mais uma luta, Jesus \u00e9 surpreendido quando Lupita, sua filha, chega e conta que est\u00e1 gr\u00e1vida. A jovem recebe o apoio de Jesus, mas se nega a dizer quem \u00e9 o pai do beb\u00ea. Anos depois, em Londres, Minerva e Miguel comemoram o namoro em um restaurante. No asilo, Alex visita sua av\u00f3 Matilde, mas ela o confunde com Miguel \u00c2ngelo, seu primo. O m\u00e9dico explica que sua lucidez mental tende a regredir cada dia mais. Ana Sofia promove uma festa beneficente em defesa dos animais. Minerva chega com a m\u00e3e.<\/p>\n<p>Miguel \u00e9 criticado por Alex pelo fato de ter sa\u00eddo do pa\u00eds e, por mais de dez anos, abandonar os neg\u00f3cios da fam\u00edlia. Ana Sofia est\u00e1 feliz com a chegada do filho e, al\u00e9m disso, ansiosa para conhecer a \u00faltima cl\u00e1usula do testamento, deixado pelo av\u00f4 de Miguel. Frida, filha ca\u00e7ula de Ana Sofia, invade a festa com seus amigos e protesta a favor dos animais, deixando a m\u00e3e em uma situa\u00e7\u00e3o rid\u00edcula e morrendo de vergonha. Isabel pede a Miguel que se case o mais r\u00e1pido poss\u00edvel com Minerva. Na casa dos Mendon\u00e7a, Lupita se preocupa com a situa\u00e7\u00e3o financeira da fam\u00edlia e decide fechar a academia, para come\u00e7ar um novo neg\u00f3cio.<\/p>\n<p>(*) edi\u00e7\u00e3o do SBT, Novela \u201cQue Pobres T\u00e3o Ricos\u201d, sujeito a altera\u00e7\u00e3o de data e conte\u00fado.<\/p>\n<p>\u201cQue Pobres T\u00e3o Ricos\u201d \u00e9 uma hist\u00f3ria de amor, romance, encontros e desencontros e um sem n\u00famero de divertidos enredos entre duas fam\u00edlias que n\u00e3o tem nada em comum, mas que agora estar\u00e3o obrigadas a conviver na mesma casa. De um lado, os Ruizpalacios, milion\u00e1rios de linhagem, e do outro, os Menchaca, uma cl\u00e1ssica fam\u00edlia de bairro.<\/p>\n<p>Todo come\u00e7ou diante da incapacidade da av\u00f3 Mati Ruizpalacios, de seguir em frente da empresa familiar. E \u00e9 assim que Miguel \u00c2ngelo, seu neto consentido, que leva 11 anos vivendo em Londres, retorna ao M\u00e9xico para a leitura de uma cl\u00e1usula do testamento do seu av\u00f4 Don Aureliano, que dita: &#8220;Herdar\u00e1 o cons\u00f3rcio o primeiro de meus netos que esteja formalmente casado e tenha um filho var\u00e3o&#8221;.<\/p>\n<p>\u00c9 ent\u00e3o que, sem pretender, Miguel \u00c2ngelo ter\u00e1 em seu primo Alejo, um ambicioso inimigo que o envolver\u00e1 em uma fraude, e assim provocar\u00e1 que Miguel \u00c2ngelo e sua fam\u00edlia percam sua fortuna, al\u00e9m de todas suas propriedades, ficando s\u00f3 com um terreno na col\u00f4nia La Nopalera, onde, para sua surpresa, hoje vivem os Menchaca.<\/p>\n","protected":false},"excerpt":{"rendered":"<p>Resumo novela \u201cQue Pobres T\u00e3o Ricos\u201d 23\/07 : no cap\u00edtulo 001(*) da novela \u201cQue Pobres T\u00e3o Ricos\u201d, resumo de segunda-feira, 23 de julho, em um ringue de boxe, prestes a entrar para mais uma luta, Jesus \u00e9 surpreendido quando Lupita, sua filha, chega e conta que est\u00e1 gr\u00e1vida. A jovem recebe o apoio de Jesus, [&hellip;]<\/p>\n","protected":false},"author":2,"featured_media":146219,"comment_status":"open","ping_status":"closed","sticky":false,"template":"","format":"standard","meta":{"tdm_status":"","tdm_grid_status":"","footnotes":""},"categories":[379,372,343],"tags":[441],"class_list":{"0":"post-146684","1":"post","2":"type-post","3":"status-publish","4":"format-standard","5":"has-post-thumbnail","7":"category-novelas","8":"category-sbt","9":"category-televisao","10":"tag-resumo-do-dia"},"_links":{"self":[{"href":"https:\/\/migracao.redenoticia.com.br\/noticia\/wp-json\/wp\/v2\/posts\/146684","targetHints":{"allow":["GET"]}}],"collection":[{"href":"https:\/\/migracao.redenoticia.com.br\/noticia\/wp-json\/wp\/v2\/posts"}],"about":[{"href":"https:\/\/migracao.redenoticia.com.br\/noticia\/wp-json\/wp\/v2\/types\/post"}],"author":[{"embeddable":true,"href":"https:\/\/migracao.redenoticia.com.br\/noticia\/wp-json\/wp\/v2\/users\/2"}],"replies":[{"embeddable":true,"href":"https:\/\/migracao.redenoticia.com.br\/noticia\/wp-json\/wp\/v2\/comments?post=146684"}],"version-history":[{"count":0,"href":"https:\/\/migracao.redenoticia.com.br\/noticia\/wp-json\/wp\/v2\/posts\/146684\/revisions"}],"wp:featuredmedia":[{"embeddable":true,"href":"https:\/\/migracao.redenoticia.com.br\/noticia\/wp-json\/wp\/v2\/media\/146219"}],"wp:attachment":[{"href":"https:\/\/migracao.redenoticia.com.br\/noticia\/wp-json\/wp\/v2\/media?parent=146684"}],"wp:term":[{"taxonomy":"category","embeddable":true,"href":"https:\/\/migracao.redenoticia.com.br\/noticia\/wp-json\/wp\/v2\/categories?post=146684"},{"taxonomy":"post_tag","embeddable":true,"href":"https:\/\/migracao.redenoticia.com.br\/noticia\/wp-json\/wp\/v2\/tags?post=146684"}],"curies":[{"name":"wp","href":"https:\/\/api.w.org\/{rel}","templated":true}]}}