{"id":146686,"date":"2018-07-21T00:31:37","date_gmt":"2018-07-21T03:31:37","guid":{"rendered":"https:\/\/www.redenoticia.com.br\/noticia\/?p=146686"},"modified":"2018-07-21T00:31:37","modified_gmt":"2018-07-21T03:31:37","slug":"resumo-novela-chiquititas-23-07-carmen-providencia-documentos-falsos-para-marian","status":"publish","type":"post","link":"https:\/\/migracao.redenoticia.com.br\/noticia\/2018\/resumo-novela-chiquititas-23-07-carmen-providencia-documentos-falsos-para-marian\/146686","title":{"rendered":"Resumo novela \u201cChiquititas\u201d 23\/07: Carmen providencia documentos falsos para Marian"},"content":{"rendered":"<p> <img loading=\"lazy\" decoding=\"async\" class=\"alignleft size-thumbnail wp-image-49690\" src=\"http:\/\/www.redenoticia.com.br\/noticia\/imagens\/chiquititas1-150x112.jpg\" alt=\"chiquititas\" width=\"150\" height=\"112\" \/><strong><em>Resumo novela \u201cChiquititas\u201d 23\/07 <\/em><\/strong>: no cap\u00edtulo 485(*) da novela \u201cChiquititas\u201d, resumo de segunda-feira, 23 de julho, Mosca e Pata chegam de volta ao orfanato. Chega o anivers\u00e1rio de Carol, mas todos dizem que n\u00e3o podem sair com ela. Na verdade eles est\u00e3o organizando uma festa surpresa para Carol. Na cl\u00ednica onde Valentina est\u00e1 internada, Gabriela e Sim\u00e3o chegam no momento em que a enfermeira da medicamentos para que ela n\u00e3o melhore e nem volte a falar. No hospital, Fernando presenteia Carol com um pequeno bolo de anivers\u00e1rio. Na cl\u00ednica, Gabriela descobre que Carmen mandou essa enfermeira tomar conta de Valentina. <\/p>\n<p>A mulher pede que a cl\u00ednica troque essa enfermeira. A m\u00e3e de Teca vai at\u00e9 o orfanato. Chico e Sabrina se deparam. Chico pede para a mulher n\u00e3o alimentar falsas esperan\u00e7as em Teca. Todos terminam de ajeitar as coisas na casa de Carol. Beto chega com Tamiris (Bruna Thedy), irm\u00e3 de Tobias. Os dois est\u00e3o ficando. Carmen leva Marian para tirar fotos para um falso documento com o nome de Mili. Carmen diz que Marian saber\u00e1 o motivo do documento falso com o nome de Mili no tempo certo. <\/p>\n<p>Todos v\u00e3o at\u00e9 a casa de Carol para a surpresa de anivers\u00e1rio. Carol aceita carona de Fernando para a casa dela. Cris ainda sente raiva de Tobias, por ter criado o personagem Tom\u00e1s Ferraz. Tobias conversa a s\u00f3s com a menina, que era f\u00e3 n\u00famero um do falso cantor portugu\u00eas. Tobias explica que naquele momento estava com muita vergonha, que tudo saiu de seu controle e pede desculpa para Cris. A Chiquitita perdoa Tobias. Sabrina diz para Teca que elas n\u00e3o ir\u00e3o morar juntas. Sabrina diz que gostou muito de lhe conhecer, mas que \u00e9 melhor ela ficar no orfanato.<\/p>\n<p>(*) edi\u00e7\u00e3o do SBT, Novela \u201cChiquititas\u201d, sujeito a altera\u00e7\u00e3o de data e conte\u00fado.<\/p>\n<p>Chiquititas gira em torno do orfanato Raio de Luz, que carrega em sua hist\u00f3ria um grande segredo envolvendo a fam\u00edlia e o dono do orfanato, Dr. Jos\u00e9 Ricardo Almeida Campos. Em um per\u00edodo anterior \u00e0 novela, exatos treze anos, sua filha Gabriela se apaixonou e ficou gr\u00e1vida de Miguel, filho de Valentina, empregada da casa dos Almeida Campos. Pouco depois, Jos\u00e9 Ricardo sequestrou sua neta, pois, como um homem conservador, ele n\u00e3o aceitava a ideia de que sua filha se envolvesse com um empregado. Como sua neta, Milena, apelidada como Mili, precisava de um lugar para morar, ele comprou um casar\u00e3o e fundou um orfanato, o Raio de Luz. <\/p>\n<p>Mili cresceu l\u00e1 com outras garotas que chegaram posteriormente: Bia, Ana, as irm\u00e3s Tati e Vivi, e Cris. Ao decorrer dos anos, elas se tornam uma fam\u00edlia. Elas s\u00e3o supervisionadas por Ernestina, zeladora do orfanato, e Chico, o cozinheiro amado pelas internas. Sofia, ex-governanta da fam\u00edlia Almeida Campos, \u00e9 a diretora do lugar, at\u00e9 que Carmem, irm\u00e3 de Jos\u00e9 Ricardo, entre em seu lugar. Chegam ainda mais \u00f3rf\u00e3os: Pata, Mosca, Binho e Rafa, que viviam nas ruas antes de entrarem na institui\u00e7\u00e3o. Pata e Mili tornam-se amigas rapidamente, enquanto Mosca, Binho e Rafa s\u00e3o os primeiros garotos a entrar no abrigo. As crian\u00e7as sem-teto foram ajudadas por uma doce e bela garota que tocam e mudam a vida delas, assim como as das garotas \u00f3rf\u00e3s.<\/p>\n","protected":false},"excerpt":{"rendered":"<p>Resumo novela \u201cChiquititas\u201d 23\/07 : no cap\u00edtulo 485(*) da novela \u201cChiquititas\u201d, resumo de segunda-feira, 23 de julho, Mosca e Pata chegam de volta ao orfanato. Chega o anivers\u00e1rio de Carol, mas todos dizem que n\u00e3o podem sair com ela. Na verdade eles est\u00e3o organizando uma festa surpresa para Carol. Na cl\u00ednica onde Valentina est\u00e1 internada, [&hellip;]<\/p>\n","protected":false},"author":2,"featured_media":49690,"comment_status":"open","ping_status":"closed","sticky":false,"template":"","format":"standard","meta":{"tdm_status":"","tdm_grid_status":"","footnotes":""},"categories":[409,379,372,343],"tags":[441],"class_list":{"0":"post-146686","1":"post","2":"type-post","3":"status-publish","4":"format-standard","5":"has-post-thumbnail","7":"category-chiquititas","8":"category-novelas","9":"category-sbt","10":"category-televisao","11":"tag-resumo-do-dia"},"_links":{"self":[{"href":"https:\/\/migracao.redenoticia.com.br\/noticia\/wp-json\/wp\/v2\/posts\/146686","targetHints":{"allow":["GET"]}}],"collection":[{"href":"https:\/\/migracao.redenoticia.com.br\/noticia\/wp-json\/wp\/v2\/posts"}],"about":[{"href":"https:\/\/migracao.redenoticia.com.br\/noticia\/wp-json\/wp\/v2\/types\/post"}],"author":[{"embeddable":true,"href":"https:\/\/migracao.redenoticia.com.br\/noticia\/wp-json\/wp\/v2\/users\/2"}],"replies":[{"embeddable":true,"href":"https:\/\/migracao.redenoticia.com.br\/noticia\/wp-json\/wp\/v2\/comments?post=146686"}],"version-history":[{"count":0,"href":"https:\/\/migracao.redenoticia.com.br\/noticia\/wp-json\/wp\/v2\/posts\/146686\/revisions"}],"wp:featuredmedia":[{"embeddable":true,"href":"https:\/\/migracao.redenoticia.com.br\/noticia\/wp-json\/wp\/v2\/media\/49690"}],"wp:attachment":[{"href":"https:\/\/migracao.redenoticia.com.br\/noticia\/wp-json\/wp\/v2\/media?parent=146686"}],"wp:term":[{"taxonomy":"category","embeddable":true,"href":"https:\/\/migracao.redenoticia.com.br\/noticia\/wp-json\/wp\/v2\/categories?post=146686"},{"taxonomy":"post_tag","embeddable":true,"href":"https:\/\/migracao.redenoticia.com.br\/noticia\/wp-json\/wp\/v2\/tags?post=146686"}],"curies":[{"name":"wp","href":"https:\/\/api.w.org\/{rel}","templated":true}]}}