{"id":146690,"date":"2018-07-21T00:34:35","date_gmt":"2018-07-21T03:34:35","guid":{"rendered":"https:\/\/www.redenoticia.com.br\/noticia\/?p=146690"},"modified":"2018-07-21T00:34:35","modified_gmt":"2018-07-21T03:34:35","slug":"resumo-novela-as-aventuras-de-poliana-23-07-sophie-ve-joao-cantar-e-tocar-piano","status":"publish","type":"post","link":"https:\/\/migracao.redenoticia.com.br\/noticia\/2018\/resumo-novela-as-aventuras-de-poliana-23-07-sophie-ve-joao-cantar-e-tocar-piano\/146690","title":{"rendered":"Resumo novela \u201cAs Aventuras de Poliana\u201d 23\/07: Sophie v\u00ea Jo\u00e3o cantar e tocar piano"},"content":{"rendered":"<p> <img loading=\"lazy\" decoding=\"async\" class=\"alignleft size-thumbnail wp-image-141221\" src=\"https:\/\/migracao.redenoticia.com.br\/noticia\/imagens\/As-Aventuras-de-Poliana-novela-SBT-resumo-capitulo-150x112.jpg\" alt=\"\" width=\"150\" height=\"112\" srcset=\"https:\/\/migracao.redenoticia.com.br\/noticia\/imagens\/As-Aventuras-de-Poliana-novela-SBT-resumo-capitulo-150x112.jpg 150w, https:\/\/migracao.redenoticia.com.br\/noticia\/imagens\/As-Aventuras-de-Poliana-novela-SBT-resumo-capitulo-265x198.jpg 265w\" sizes=\"auto, (max-width: 150px) 100vw, 150px\" \/><strong><em>Resumo novela \u201cAs Aventuras de Poliana\u201d 23\/07 <\/em><\/strong>: no cap\u00edtulo 049(*) da novela \u201cAs Aventuras de Poliana\u201d, resumo de segunda-feira, 23 de julho, Kessya treina com Jeferson em casa a coreografia que quer apresentar para tentar fazer parte das apresenta\u00e7\u00f5es do anivers\u00e1rio da escola Ruth Goulart. Arlete d\u00e1 uma bebida com son\u00edfero para o marido Lindomar, porteiro do col\u00e9gio. Com isso ela e Ver\u00f4nica conseguem entrar na reuni\u00e3o do La\u00e7o Azul. Mesma reuni\u00e3o em que Raquel e Gabriela apresentam o projeto do Gr\u00eamio Estudantil para arrecadar fundos. <\/p>\n<p>Lu\u00edsa participa da reuni\u00e3o e fica preocupada que Poliana invade a reuni\u00e3o para pedir que alguma das mulheres adotem o gato Chuvisco. Ruth interv\u00e9m, tira Poliana e acorda Lindomar. Lu\u00edsa leva Poliana para casa e manda a sobrinha sumir com o animal. Gl\u00f3ria vai at\u00e9 a casa de Roger brigar com Ver\u00f4nica, que invadiu a reuni\u00e3o da escola. Lindomar discute com Arlete e decide passar a noite fora, na casa de Ciro. O gato que passa a noite no quarto de Ant\u00f4nio escapa pela janela. Arlete surta ao ver Lindomar sair da casa de Ciro com Gleyce. Os filhos aparecem para apartar a briga e a comunidade assiste a toda discuss\u00e3o. <\/p>\n<p>D\u00e9bora avisa a turma da escola que os pr\u00f3prios alunos ir\u00e3o escolher quem ir\u00e1 representar a classe com dan\u00e7a na festa de anivers\u00e1rio do col\u00e9gio. Lu\u00edsa manda Lindomar sumir com o gato que apareceu dentro de casa. Jo\u00e3o veste o uniforme para andar na escola escondido. Gabi v\u00ea o garoto que desconversa. Al\u00e9m disso, em outro momento, Sophie v\u00ea Jo\u00e3o cantar e tocar piano sozinho e se encanta. Ela tenta falar com o garoto, que foge. Lu\u00edsa encontra o gato em seu carro e fica encantada pelo animal no colo. Come\u00e7a a apresenta\u00e7\u00e3o de dan\u00e7a interna para que os colegas de escola escolham seus representantes na festa. Afonso insiste em tentar conquistar Lu\u00edsa e aparece vestido de terno e gravata na mans\u00e3o da mulher, al\u00e9m de declarar seu amor.<\/p>\n<p>(*) edi\u00e7\u00e3o do SBT, Novela \u201cAs Aventuras de Poliana\u201d, sujeito a altera\u00e7\u00e3o de data e conte\u00fado.<\/p>\n<p>Poliana \u00e9 uma menina extrovertida e de bom cora\u00e7\u00e3o que viajava o Brasil com seus pais, Lorenzo e Alice, no grupo circense Trupe Vagalume. Aos onze anos a garota v\u00ea seu mundo desabar quando seus pais falecem e ela tem que ir morar em S\u00e3o Paulo com sua tia Lu\u00edsa, uma mulher rica e severa, a qual ela n\u00e3o conhecia e que n\u00e3o queria cuidar dela, embora sinta que \u00e9 sua obriga\u00e7\u00e3o pela alma de sua irm\u00e3. Apesar do jeito da rigidez da tia, Poliana decide ter uma vis\u00e3o positiva e inabal\u00e1vel da vida, mesmo nos momentos de dificuldade, tentando levar um pouco de felicidade para a vida de cada um dos seus novos amigos e vizinhos, como o Sr. Pendleton, um homem rico e infeliz por nunca ter tido filhos. Ela vai estudar no col\u00e9gio de Ruth, uma diretora de bom cora\u00e7\u00e3o que a ajuda a se adaptar, mas tem que lidar com as vilanias de Mirela, garota mais velha que n\u00e3o aceita perder a popularidade para uma novata.<\/p>\n","protected":false},"excerpt":{"rendered":"<p>Resumo novela \u201cAs Aventuras de Poliana\u201d 23\/07 : no cap\u00edtulo 049(*) da novela \u201cAs Aventuras de Poliana\u201d, resumo de segunda-feira, 23 de julho, Kessya treina com Jeferson em casa a coreografia que quer apresentar para tentar fazer parte das apresenta\u00e7\u00f5es do anivers\u00e1rio da escola Ruth Goulart. Arlete d\u00e1 uma bebida com son\u00edfero para o marido [&hellip;]<\/p>\n","protected":false},"author":2,"featured_media":141221,"comment_status":"open","ping_status":"closed","sticky":false,"template":"","format":"standard","meta":{"tdm_status":"","tdm_grid_status":"","footnotes":""},"categories":[477,379,372,343],"tags":[441],"class_list":{"0":"post-146690","1":"post","2":"type-post","3":"status-publish","4":"format-standard","5":"has-post-thumbnail","7":"category-as-aventuras-de-poliana","8":"category-novelas","9":"category-sbt","10":"category-televisao","11":"tag-resumo-do-dia"},"_links":{"self":[{"href":"https:\/\/migracao.redenoticia.com.br\/noticia\/wp-json\/wp\/v2\/posts\/146690","targetHints":{"allow":["GET"]}}],"collection":[{"href":"https:\/\/migracao.redenoticia.com.br\/noticia\/wp-json\/wp\/v2\/posts"}],"about":[{"href":"https:\/\/migracao.redenoticia.com.br\/noticia\/wp-json\/wp\/v2\/types\/post"}],"author":[{"embeddable":true,"href":"https:\/\/migracao.redenoticia.com.br\/noticia\/wp-json\/wp\/v2\/users\/2"}],"replies":[{"embeddable":true,"href":"https:\/\/migracao.redenoticia.com.br\/noticia\/wp-json\/wp\/v2\/comments?post=146690"}],"version-history":[{"count":0,"href":"https:\/\/migracao.redenoticia.com.br\/noticia\/wp-json\/wp\/v2\/posts\/146690\/revisions"}],"wp:featuredmedia":[{"embeddable":true,"href":"https:\/\/migracao.redenoticia.com.br\/noticia\/wp-json\/wp\/v2\/media\/141221"}],"wp:attachment":[{"href":"https:\/\/migracao.redenoticia.com.br\/noticia\/wp-json\/wp\/v2\/media?parent=146690"}],"wp:term":[{"taxonomy":"category","embeddable":true,"href":"https:\/\/migracao.redenoticia.com.br\/noticia\/wp-json\/wp\/v2\/categories?post=146690"},{"taxonomy":"post_tag","embeddable":true,"href":"https:\/\/migracao.redenoticia.com.br\/noticia\/wp-json\/wp\/v2\/tags?post=146690"}],"curies":[{"name":"wp","href":"https:\/\/api.w.org\/{rel}","templated":true}]}}