{"id":146693,"date":"2018-07-21T00:43:01","date_gmt":"2018-07-21T03:43:01","guid":{"rendered":"https:\/\/www.redenoticia.com.br\/noticia\/?p=146693"},"modified":"2018-07-21T00:43:01","modified_gmt":"2018-07-21T03:43:01","slug":"resumo-novela-belissima-23-07-cemil-ajuda-nikos-em-seu-primeiro-dia-na-fabrica","status":"publish","type":"post","link":"https:\/\/migracao.redenoticia.com.br\/noticia\/2018\/resumo-novela-belissima-23-07-cemil-ajuda-nikos-em-seu-primeiro-dia-na-fabrica\/146693","title":{"rendered":"Resumo novela \u201cBel\u00edssima\u201d 23\/07: Cemil ajuda Nikos em seu primeiro dia na f\u00e1brica"},"content":{"rendered":"<p> <img loading=\"lazy\" decoding=\"async\" class=\"alignleft size-thumbnail wp-image-143034\" src=\"https:\/\/migracao.redenoticia.com.br\/noticia\/imagens\/belissima-novela-globo-resumo-capitulo-150x112.jpg\" alt=\"\" width=\"150\" height=\"112\" srcset=\"https:\/\/migracao.redenoticia.com.br\/noticia\/imagens\/belissima-novela-globo-resumo-capitulo-150x112.jpg 150w, https:\/\/migracao.redenoticia.com.br\/noticia\/imagens\/belissima-novela-globo-resumo-capitulo-265x198.jpg 265w\" sizes=\"auto, (max-width: 150px) 100vw, 150px\" \/><strong><em>Resumo novela \u201cBel\u00edssima\u201d 23\/07 <\/em><\/strong>: no cap\u00edtulo 032(*) da novela \u201cBel\u00edssima\u201d, resumo de segunda-feira, 23 de julho, Bia confessa a Murat que ele foi o \u00fanico homem que amou. Cemil pressiona a m\u00e3e, mas ela escapa da conversa. Vlad pede permiss\u00e3o para fotografar a oficina de Pascoal. Safira se recusa a responder \u00e0s perguntas de Takae e jura que n\u00e3o pisar\u00e1 mais na obra. Murat diz a Bia que ela n\u00e3o tem cora\u00e7\u00e3o. Bia explode e diz que cometeu um crime para se vingar dele, deixando-o curioso, mas ela garante que n\u00e3o contar\u00e1 jamais. Guida localiza uma mulher que trabalhou no orfanato, no qual Bia abandou a crian\u00e7a. Vlad tira fotos de Jamanta, mas Pascoal se recusa a fotografar. Bia diz a Murat que quer comprar o casar\u00e3o. <\/p>\n<p>Guida s\u00f3 conta o paradeiro da mulher do orfanato se Gigi escrever seu programa de televis\u00e3o. Louren\u00e7o diz a Vlad que precisam convencer Pascoal a ser modelo. Cemil ajuda Nikos em seu primeiro dia na f\u00e1brica. J\u00falia e Andr\u00e9 voltam da lua-de- mel. Bia repara que a neta est\u00e1 mais sofisticada. Bento e M\u00f4nica v\u00e3o \u00e0 audi\u00eancia. Mateus chama Narciso de tio quando o encontra no clube com \u00c9rica. Nikos conta para Cemil que tem um filho, mas n\u00e3o o conhece. Murat fala que recebeu uma proposta de venda da casa e todos ficam contra. Medeiros avisa Bia que o processo est\u00e1 correndo na Gr\u00e9cia contra Vit\u00f3ria. Katina arruma a festa de Santa Catarina, com a ajuda dos vizinhos. Cemil chega com Nikos.<\/p>\n<p>(*) edi\u00e7\u00e3o da Rede Globo, Novela \u201cBel\u00edssima\u201d, sujeito a altera\u00e7\u00e3o de data e conte\u00fado.<\/p>\n<p>Simp\u00e1tica, bem-sucedida e discreta, J\u00falia Assump\u00e7\u00e3o \u00e9 presidente da Bel\u00edssima, refer\u00eancia mundial no setor de roupas \u00edntimas. Sua av\u00f3, Bia Falc\u00e3o, a pressiona para se tornar parecida com a m\u00e3e, Stella Assump\u00e7\u00e3o \u2013 que foi uma modelo bastante famosa, mito de beleza na d\u00e9cada de 1960. Fundadora da marca Bel\u00edssima, Stella morreu em um acidente de avi\u00e3o junto com seu marido, deixando \u00f3rf\u00e3os J\u00falia e Pedro. Desde ent\u00e3o, Bia Falc\u00e3o se tornou respons\u00e1vel pelos dois, tendo-os criado. At\u00e9 hoje tenta controlar a vida deles. Em casa, J\u00falia s\u00f3 encontra apoio no tio, Argemiro Falc\u00e3o, vulgo Gigi, e na governanta, Matilde. Bia faz de tudo para J\u00falia se sentir culpada pela morte dos pais.<\/p>\n<p>A vil\u00e3 far\u00e1 de tudo para acabar com os romances de Pedro com Vit\u00f3ria, uma ex- menina de rua que ele escolheu para ser sua esposa, com quem tem uma filha, e Vit\u00f3ria ser\u00e1 perseguida pela vil\u00e3 durante toda a trama, por\u00e9m, sem perder a fibra e a coragem; e de J\u00falia com Andr\u00e9 Santana. Este, apesar de n\u00e3o parecer inicialmente, \u00e9 um grande e terr\u00edvel vil\u00e3o, diab\u00f3lico e ambicioso, que almeja ser dono da Bel\u00edssima em conjunto com seu pai, Aquilino Santana, o seu Quiqui, que aparenta ser um bom velhinho, mas \u00e9, na verdade, um bandido da pior esp\u00e9cie, ex-matador de aluguel. Andr\u00e9 vai se envolver com J\u00falia e com a filha de J\u00falia, \u00c9rica, uma mulher f\u00fatil e perversa como a bisav\u00f3 Bia Falc\u00e3o. \u00c9rica \u00e9 aspirante a modelo.<\/p>\n","protected":false},"excerpt":{"rendered":"<p>Resumo novela \u201cBel\u00edssima\u201d 23\/07 : no cap\u00edtulo 032(*) da novela \u201cBel\u00edssima\u201d, resumo de segunda-feira, 23 de julho, Bia confessa a Murat que ele foi o \u00fanico homem que amou. Cemil pressiona a m\u00e3e, mas ela escapa da conversa. Vlad pede permiss\u00e3o para fotografar a oficina de Pascoal. Safira se recusa a responder \u00e0s perguntas de [&hellip;]<\/p>\n","protected":false},"author":2,"featured_media":143034,"comment_status":"open","ping_status":"closed","sticky":false,"template":"","format":"standard","meta":{"tdm_status":"","tdm_grid_status":"","footnotes":""},"categories":[485,379,375,343],"tags":[441],"class_list":{"0":"post-146693","1":"post","2":"type-post","3":"status-publish","4":"format-standard","5":"has-post-thumbnail","7":"category-belissima","8":"category-novelas","9":"category-rede-globo","10":"category-televisao","11":"tag-resumo-do-dia"},"_links":{"self":[{"href":"https:\/\/migracao.redenoticia.com.br\/noticia\/wp-json\/wp\/v2\/posts\/146693","targetHints":{"allow":["GET"]}}],"collection":[{"href":"https:\/\/migracao.redenoticia.com.br\/noticia\/wp-json\/wp\/v2\/posts"}],"about":[{"href":"https:\/\/migracao.redenoticia.com.br\/noticia\/wp-json\/wp\/v2\/types\/post"}],"author":[{"embeddable":true,"href":"https:\/\/migracao.redenoticia.com.br\/noticia\/wp-json\/wp\/v2\/users\/2"}],"replies":[{"embeddable":true,"href":"https:\/\/migracao.redenoticia.com.br\/noticia\/wp-json\/wp\/v2\/comments?post=146693"}],"version-history":[{"count":0,"href":"https:\/\/migracao.redenoticia.com.br\/noticia\/wp-json\/wp\/v2\/posts\/146693\/revisions"}],"wp:featuredmedia":[{"embeddable":true,"href":"https:\/\/migracao.redenoticia.com.br\/noticia\/wp-json\/wp\/v2\/media\/143034"}],"wp:attachment":[{"href":"https:\/\/migracao.redenoticia.com.br\/noticia\/wp-json\/wp\/v2\/media?parent=146693"}],"wp:term":[{"taxonomy":"category","embeddable":true,"href":"https:\/\/migracao.redenoticia.com.br\/noticia\/wp-json\/wp\/v2\/categories?post=146693"},{"taxonomy":"post_tag","embeddable":true,"href":"https:\/\/migracao.redenoticia.com.br\/noticia\/wp-json\/wp\/v2\/tags?post=146693"}],"curies":[{"name":"wp","href":"https:\/\/api.w.org\/{rel}","templated":true}]}}