{"id":147145,"date":"2018-07-27T00:43:17","date_gmt":"2018-07-27T03:43:17","guid":{"rendered":"https:\/\/www.redenoticia.com.br\/noticia\/?p=147145"},"modified":"2018-07-27T00:43:17","modified_gmt":"2018-07-27T03:43:17","slug":"ufscar-oferece-curso-a-distancia-de-bibliometria","status":"publish","type":"post","link":"https:\/\/migracao.redenoticia.com.br\/noticia\/2018\/ufscar-oferece-curso-a-distancia-de-bibliometria\/147145","title":{"rendered":"UFSCar oferece curso a dist\u00e2ncia de bibliometria"},"content":{"rendered":"<p> Ag\u00eancia FAPESP\u00a0\u2013 Para capacitar profissionais de Biblioteconomia e outros profissionais da informa\u00e7\u00e3o, a Universidade Federal de S\u00e3o Carlos (UFSCar) oferece, de 6 agosto a 4 de novembro de 2018, um curso interdisciplinar a dist\u00e2ncia de <strong><em>Bibliometria e Indicadores Cient\u00edficos<\/em><\/strong>, com atividades te\u00f3ricas, pr\u00e1ticas e simula\u00e7\u00e3o de situa\u00e7\u00f5es reais.<\/p>\n<p>O curso ensina a consultar bases de dados, coletar informa\u00e7\u00f5es e elaborar indicadores. Com docentes da UFSCar e outros especialistas renomados do setor empresarial, o material did\u00e1tico \u00e9 composto por aulas em v\u00eddeo, tutoriais, textos e apresenta\u00e7\u00f5es. Tutores tamb\u00e9m estar\u00e3o dispon\u00edveis para acompanhar os participantes por meio de um f\u00f3rum de comunica\u00e7\u00e3o.<\/p>\n<p>Podem participar profissionais formados ou estudantes em \u00e1reas como gest\u00e3o da informa\u00e7\u00e3o e do conhecimento, intelig\u00eancia competitiva, pesquisa, desenvolvimento e inova\u00e7\u00e3o, al\u00e9m daqueles que atuam em ag\u00eancias de fomento ou centros de pesquisa.<\/p>\n<p>As inscri\u00e7\u00f5es est\u00e3o abertas at\u00e9 3 de agosto. A taxa de inscri\u00e7\u00e3o pode ser paga \u00e0 vista por R$ 1.080, parcelada em quatro parcelas de R$ 300, ou \u00e0 vista para grupos de duas ou mais pessoas da mesma institui\u00e7\u00e3o por R$ 960.<\/p>\n<p>Mais informa\u00e7\u00f5es:\u00a0.<\/p>\n","protected":false},"excerpt":{"rendered":"<p>Ag\u00eancia FAPESP\u00a0\u2013 Para capacitar profissionais de Biblioteconomia e outros profissionais da informa\u00e7\u00e3o, a Universidade Federal de S\u00e3o Carlos (UFSCar) oferece, de 6 agosto a 4 de novembro de 2018, um curso interdisciplinar a dist\u00e2ncia de Bibliometria e Indicadores Cient\u00edficos, com atividades te\u00f3ricas, pr\u00e1ticas e simula\u00e7\u00e3o de situa\u00e7\u00f5es reais. O curso ensina a consultar bases de [&hellip;]<\/p>\n","protected":false},"author":2,"featured_media":57578,"comment_status":"open","ping_status":"closed","sticky":false,"template":"","format":"standard","meta":{"tdm_status":"","tdm_grid_status":"","footnotes":""},"categories":[22,351,370],"tags":[],"class_list":{"0":"post-147145","1":"post","2":"type-post","3":"status-publish","4":"format-standard","5":"has-post-thumbnail","7":"category-brasil","8":"category-cursos","9":"category-inscricao"},"_links":{"self":[{"href":"https:\/\/migracao.redenoticia.com.br\/noticia\/wp-json\/wp\/v2\/posts\/147145","targetHints":{"allow":["GET"]}}],"collection":[{"href":"https:\/\/migracao.redenoticia.com.br\/noticia\/wp-json\/wp\/v2\/posts"}],"about":[{"href":"https:\/\/migracao.redenoticia.com.br\/noticia\/wp-json\/wp\/v2\/types\/post"}],"author":[{"embeddable":true,"href":"https:\/\/migracao.redenoticia.com.br\/noticia\/wp-json\/wp\/v2\/users\/2"}],"replies":[{"embeddable":true,"href":"https:\/\/migracao.redenoticia.com.br\/noticia\/wp-json\/wp\/v2\/comments?post=147145"}],"version-history":[{"count":0,"href":"https:\/\/migracao.redenoticia.com.br\/noticia\/wp-json\/wp\/v2\/posts\/147145\/revisions"}],"wp:featuredmedia":[{"embeddable":true,"href":"https:\/\/migracao.redenoticia.com.br\/noticia\/wp-json\/wp\/v2\/media\/57578"}],"wp:attachment":[{"href":"https:\/\/migracao.redenoticia.com.br\/noticia\/wp-json\/wp\/v2\/media?parent=147145"}],"wp:term":[{"taxonomy":"category","embeddable":true,"href":"https:\/\/migracao.redenoticia.com.br\/noticia\/wp-json\/wp\/v2\/categories?post=147145"},{"taxonomy":"post_tag","embeddable":true,"href":"https:\/\/migracao.redenoticia.com.br\/noticia\/wp-json\/wp\/v2\/tags?post=147145"}],"curies":[{"name":"wp","href":"https:\/\/api.w.org\/{rel}","templated":true}]}}