{"id":147163,"date":"2018-07-27T01:05:02","date_gmt":"2018-07-27T04:05:02","guid":{"rendered":"https:\/\/www.redenoticia.com.br\/noticia\/?p=147163"},"modified":"2018-07-30T22:55:41","modified_gmt":"2018-07-31T01:55:41","slug":"novela-a-terra-prometida-resumo-30-07-racom-espreita-josue","status":"publish","type":"post","link":"https:\/\/migracao.redenoticia.com.br\/noticia\/2018\/novela-a-terra-prometida-resumo-30-07-racom-espreita-josue\/147163","title":{"rendered":"Novela \u201cA Terra Prometida\u201d resumo 30\/07: Josu\u00e9 lamenta a morte de Elieber"},"content":{"rendered":"<p> <img loading=\"lazy\" decoding=\"async\" class=\"alignleft size-thumbnail wp-image-89446\" src=\"https:\/\/migracao.redenoticia.com.br\/noticia\/imagens\/a-terra-prometida-novela-record-resumo-150x112.jpg\" alt=\"\" width=\"150\" height=\"112\" srcset=\"https:\/\/migracao.redenoticia.com.br\/noticia\/imagens\/a-terra-prometida-novela-record-resumo-150x112.jpg 150w, https:\/\/migracao.redenoticia.com.br\/noticia\/imagens\/a-terra-prometida-novela-record-resumo-265x198.jpg 265w\" sizes=\"auto, (max-width: 150px) 100vw, 150px\" \/><em><strong>Novela \u201cA Terra Prometida\u201d resumo 30\/07<\/strong><\/em>: no capitulo 004 (*) da novela \u201cA Terra Prometida\u201d, segunda-feira, 30 de julho, Elieber acorda e chama por Aruna. Samara e L\u00e9ia n\u00e3o gostam do que ouvem, mas decidem atender ao pedido do rapaz e chamam a mo\u00e7a. Elieber pede para ficar sozinho com ela. Tarik finge estar desacordado enquanto avista uma faca na tenda. Elieber diz para Aruna nunca esquecer quem \u00e9 e, logo em seguida, morre em seus bra\u00e7os. L\u00e9ia se desespera com a morte do filho e, junto de Samara, culpa a mo\u00e7a pela morte de Elieber. Tarik aproveita a distra\u00e7\u00e3o de todos e consegue pegar a faca, escondendo-a sob o len\u00e7ol. J\u00e9ssica consola Aruna. Tibar chega \u00e0 estalagem de Farduk e for\u00e7a Raabe a se deitar com ele. Aruna n\u00e3o suporta os \u00faltimos acontecimentos e chora desesperada. Tarik nota a presen\u00e7a de Samara e a faz de ref\u00e9m, amea\u00e7ando-a com a faca. Jesana corre para avisar a Josu\u00e9. <\/p>\n<p>Raabe aproveita enquanto Tibar dorme para pegar a espada do oficial. Empunhando a faca contra o pesco\u00e7o de Samara, Tarik pede para falar com o l\u00edder do acampamento. Raabe n\u00e3o tem coragem para atacar Tibar. Salmon tenta negociar com Tarik. Tibar acorda e n\u00e3o nota que Raabe tentou lhe matar. Josu\u00e9 chega \u00e0 tenda onde Samara est\u00e1 sendo amea\u00e7ada. Ele tenta acalmar Tarik. Raabe engana Tibar ao fingir gostar do comandante. O Oficial conversa com Racom sobre os hebreus. Samara grita pedindo a ajuda de Josu\u00e9. Tarik pede um cavalo para a fuga, mas Josu\u00e9 exige que Samara seja libertada antes. Em conversa com Liora, Raabe diz ter medo da obsess\u00e3o de Tibar e revela que o comandante tirou sua chance de ser feliz. Tarik tenta matar Samara, mas \u00e9 atingido por uma flechada disparada pelo misterioso soldado mascarado. L\u00e9ia e Quemuel tentam acalmar a filha ap\u00f3s o ataque de Tarik. <\/p>\n<p>Samara distrata Aruna e impede que a mo\u00e7a durma em seu quarto. No celeiro, Aruna pede for\u00e7a a Deus. Darda, Chaia e Jesana preparam o corpo de Elieber para o sepultamento. Iru provoca Maquir e eles brigam. Salmon interv\u00eam e diz que n\u00e3o pode haver brigas entre os hebreus. Livana diz a Maquir que n\u00e3o \u00e9 certo se relacionarem, mas ele a beija. Sem ser percebido, o menino Gael v\u00ea Maquir e Livana se beijando. Calebe repreende Iru por desrespeitar um l\u00edder tribal. Haniel diz que \u00e9 uma sina ter um filho imprest\u00e1vel como Gael. Maquir aconselha o pai a ir para a guerra. Ele descobre que Gael viu o beijo em Livana e pede segredo ao irm\u00e3o. Josu\u00e9 lamenta a morte de Elieber. Farduk, Liora e Raabe comentam sobre a for\u00e7a do Deus dos hebreus. Come\u00e7a o cortejo f\u00fanebre de Elieber. Tibar avisa que n\u00e3o \u00e9 poss\u00edvel atacar todos os hebreus de uma s\u00f3 vez. O general aconselha o rei a come\u00e7ar atacando o l\u00edder Josu\u00e9. <\/p>\n<p>(*) edi\u00e7\u00e3o da Rede Record, Novela \u201cA Terra Prometida\u201d, sujeito a altera\u00e7\u00e3o de data e conte\u00fado.<\/p>\n<p>\u201cA Terra Prometida\u201d &#8211; Ap\u00f3s a morte de Mois\u00e9s, Josu\u00e9 \u00e9 o novo l\u00edder dos hebreus. Ele \u00e9 um guerreiro experiente, dotado de coragem, determina\u00e7\u00e3o e de uma f\u00e9 poderosa. Mas n\u00e3o \u00e9 tarefa f\u00e1cil conduzir um povo ao seu destino! Com seus aliados mais pr\u00f3ximos e de confian\u00e7a, o sacerdote levita Eleazar e o l\u00edder da tribo Jud\u00e1 Calebe, Josu\u00e9 tem que cumprir uma dif\u00edcil miss\u00e3o ordenada por Deus: comandar as doze tribos de Israel na conquista de Cana\u00e3, \u201cA Terra Prometida\u201d.<\/p>\n","protected":false},"excerpt":{"rendered":"<p>Novela \u201cA Terra Prometida\u201d resumo 30\/07: no capitulo 004 (*) da novela \u201cA Terra Prometida\u201d, segunda-feira, 30 de julho, Elieber acorda e chama por Aruna. Samara e L\u00e9ia n\u00e3o gostam do que ouvem, mas decidem atender ao pedido do rapaz e chamam a mo\u00e7a. Elieber pede para ficar sozinho com ela. Tarik finge estar desacordado [&hellip;]<\/p>\n","protected":false},"author":2,"featured_media":89446,"comment_status":"open","ping_status":"closed","sticky":false,"template":"","format":"standard","meta":{"tdm_status":"","tdm_grid_status":"","footnotes":""},"categories":[446,379,371,343],"tags":[441],"class_list":{"0":"post-147163","1":"post","2":"type-post","3":"status-publish","4":"format-standard","5":"has-post-thumbnail","7":"category-a-terra-prometida","8":"category-novelas","9":"category-rede-record","10":"category-televisao","11":"tag-resumo-do-dia"},"_links":{"self":[{"href":"https:\/\/migracao.redenoticia.com.br\/noticia\/wp-json\/wp\/v2\/posts\/147163","targetHints":{"allow":["GET"]}}],"collection":[{"href":"https:\/\/migracao.redenoticia.com.br\/noticia\/wp-json\/wp\/v2\/posts"}],"about":[{"href":"https:\/\/migracao.redenoticia.com.br\/noticia\/wp-json\/wp\/v2\/types\/post"}],"author":[{"embeddable":true,"href":"https:\/\/migracao.redenoticia.com.br\/noticia\/wp-json\/wp\/v2\/users\/2"}],"replies":[{"embeddable":true,"href":"https:\/\/migracao.redenoticia.com.br\/noticia\/wp-json\/wp\/v2\/comments?post=147163"}],"version-history":[{"count":0,"href":"https:\/\/migracao.redenoticia.com.br\/noticia\/wp-json\/wp\/v2\/posts\/147163\/revisions"}],"wp:featuredmedia":[{"embeddable":true,"href":"https:\/\/migracao.redenoticia.com.br\/noticia\/wp-json\/wp\/v2\/media\/89446"}],"wp:attachment":[{"href":"https:\/\/migracao.redenoticia.com.br\/noticia\/wp-json\/wp\/v2\/media?parent=147163"}],"wp:term":[{"taxonomy":"category","embeddable":true,"href":"https:\/\/migracao.redenoticia.com.br\/noticia\/wp-json\/wp\/v2\/categories?post=147163"},{"taxonomy":"post_tag","embeddable":true,"href":"https:\/\/migracao.redenoticia.com.br\/noticia\/wp-json\/wp\/v2\/tags?post=147163"}],"curies":[{"name":"wp","href":"https:\/\/api.w.org\/{rel}","templated":true}]}}