{"id":147200,"date":"2018-07-27T16:38:29","date_gmt":"2018-07-27T19:38:29","guid":{"rendered":"https:\/\/www.redenoticia.com.br\/noticia\/?p=147200"},"modified":"2018-07-27T21:15:04","modified_gmt":"2018-07-28T00:15:04","slug":"resumo-novela-deus-salve-o-rei-28-07-penultimo-capitulo","status":"publish","type":"post","link":"https:\/\/migracao.redenoticia.com.br\/noticia\/2018\/resumo-novela-deus-salve-o-rei-28-07-penultimo-capitulo\/147200","title":{"rendered":"Resumo novela \u201cDeus Salve o Rei\u201d 28\/07: pen\u00faltimo cap\u00edtulo"},"content":{"rendered":"<p> <img loading=\"lazy\" decoding=\"async\" class=\"alignleft size-thumbnail wp-image-128932\" src=\"https:\/\/migracao.redenoticia.com.br\/noticia\/imagens\/deus-salve-o-rei-novela-globo-resumo-capitulo-150x112.jpg\" alt=\"\" width=\"150\" height=\"112\" srcset=\"https:\/\/migracao.redenoticia.com.br\/noticia\/imagens\/deus-salve-o-rei-novela-globo-resumo-capitulo-150x112.jpg 150w, https:\/\/migracao.redenoticia.com.br\/noticia\/imagens\/deus-salve-o-rei-novela-globo-resumo-capitulo-265x198.jpg 265w\" sizes=\"auto, (max-width: 150px) 100vw, 150px\" \/><strong><em>Resumo novela \u201cDeus Salve o Rei\u201d 28\/07 <\/em><\/strong>: no cap\u00edtulo 173(*) da novela \u201cDeus Salve o Rei\u201d, resumo s\u00e1bado, 28 de julho, de volta ao castelo de Afonso (Romulo Estrela) como prisioneira, Cat descobre, por Anfonso, que Ot\u00e1vio (Alexandre Borges) est\u00e1 morto. Catarina diz que, ent\u00e3o, seu filho ter\u00e1 direito a assumir o reino dele. \u201cNo instante de sua morte, Ot\u00e1vio me fez uma revela\u00e7\u00e3o: Selena \u00e9 sua filha leg\u00edtima, fruto de seu casamento com a rainha Helo\u00edsa\u201d, diz Afonso. Logo depois, Catarina \u00e9 levada para a masmorra e tem uma surpresa nada agrad\u00e1vel. Luc\u00edola (Carolina Ferman) tamb\u00e9m est\u00e1 presa e furiosa com ela. \u201cTenha cuidado com o que voc\u00ea vai falar no meu julgamento, porque&#8230;\u201d, adverte Cat. \u201cVoc\u00ea n\u00e3o \u00e9 mais nada! N\u00e3o pode mais me amea\u00e7ar! Eu vou contar tudo! Tudo!\u201d, diz Luc\u00edola antes de cuspir no ch\u00e3o.<\/p>\n<p>Augusto (Marco Nanini) se oferece para depor no julgamento de Catarina (Bruna Marquezine). Durante o julgamento da filha, Brice (Bia Arantes) aparece com 117 anos. A bruxa vira p\u00f3 diante de todos. Antes de morrer, Ot\u00e1vio (Alexandre Borges) diz a Afonso (Romulo Estrela) que quer que a filha Selena (Marina Moschen) seja a sua sucessora no trono. Depois de terminar o romance com Tiago (Vin\u00edcius Redd), a bruxa se reconcilia com Ulisses (Giovanni Di Lorenzi). Selena \u00e9 coroada rainha de Lastrilha. Lucr\u00e9cia (Tat\u00e1 Werneck) d\u00e1 \u00e0 luz os filhos g\u00eameos de Rodolfo. Tiago se torna instrutor da academia militar de Montemor e se encanta por uma de suas alunas. Osiel (Rafael Primot) tem um final feliz com Gl\u00f3ria (Monique Alfradique). <\/p>\n<p>(*) edi\u00e7\u00e3o da Rede Globo, Novela \u201cDeus Salve o Rei\u201d, sujeito a altera\u00e7\u00e3o de data e conte\u00fado.<\/p>\n<p>Deus Salve o Rei \u00e9 uma telenovela brasileira produzida pela Rede Globo. Escrita por Daniel Adjafre, com colabora\u00e7\u00e3o de S\u00e9rgio Marques, Ang\u00e9lica Lopes, Dino Cantelli, Cl\u00e1udia Gomes e P\u00e9ricles Barros, conta com a dire\u00e7\u00e3o de Jo\u00e3o Bothauser, Oscar Francisco, Pedro Brenelli e Bernardo S\u00e1, dire\u00e7\u00e3o geral de Luciano Sabino, tem dire\u00e7\u00e3o art\u00edstica de Fabr\u00edcio Mamberti. Conta com Marina Ruy Barbosa, R\u00f4mulo Estrela, Johnny Massaro, Ricardo Pereira, Tat\u00e1 Werneck, Marco Nanini, Jos\u00e9 Fidalgo e Bruna Marquezine nos pap\u00e9is principais.<\/p>\n","protected":false},"excerpt":{"rendered":"<p>Resumo novela \u201cDeus Salve o Rei\u201d 28\/07 : no cap\u00edtulo 173(*) da novela \u201cDeus Salve o Rei\u201d, resumo s\u00e1bado, 28 de julho, de volta ao castelo de Afonso (Romulo Estrela) como prisioneira, Cat descobre, por Anfonso, que Ot\u00e1vio (Alexandre Borges) est\u00e1 morto. Catarina diz que, ent\u00e3o, seu filho ter\u00e1 direito a assumir o reino dele. [&hellip;]<\/p>\n","protected":false},"author":2,"featured_media":128932,"comment_status":"open","ping_status":"closed","sticky":false,"template":"","format":"standard","meta":{"tdm_status":"","tdm_grid_status":"","footnotes":""},"categories":[464,379,375,343],"tags":[441],"class_list":{"0":"post-147200","1":"post","2":"type-post","3":"status-publish","4":"format-standard","5":"has-post-thumbnail","7":"category-deus-salve-o-rei","8":"category-novelas","9":"category-rede-globo","10":"category-televisao","11":"tag-resumo-do-dia"},"_links":{"self":[{"href":"https:\/\/migracao.redenoticia.com.br\/noticia\/wp-json\/wp\/v2\/posts\/147200","targetHints":{"allow":["GET"]}}],"collection":[{"href":"https:\/\/migracao.redenoticia.com.br\/noticia\/wp-json\/wp\/v2\/posts"}],"about":[{"href":"https:\/\/migracao.redenoticia.com.br\/noticia\/wp-json\/wp\/v2\/types\/post"}],"author":[{"embeddable":true,"href":"https:\/\/migracao.redenoticia.com.br\/noticia\/wp-json\/wp\/v2\/users\/2"}],"replies":[{"embeddable":true,"href":"https:\/\/migracao.redenoticia.com.br\/noticia\/wp-json\/wp\/v2\/comments?post=147200"}],"version-history":[{"count":0,"href":"https:\/\/migracao.redenoticia.com.br\/noticia\/wp-json\/wp\/v2\/posts\/147200\/revisions"}],"wp:featuredmedia":[{"embeddable":true,"href":"https:\/\/migracao.redenoticia.com.br\/noticia\/wp-json\/wp\/v2\/media\/128932"}],"wp:attachment":[{"href":"https:\/\/migracao.redenoticia.com.br\/noticia\/wp-json\/wp\/v2\/media?parent=147200"}],"wp:term":[{"taxonomy":"category","embeddable":true,"href":"https:\/\/migracao.redenoticia.com.br\/noticia\/wp-json\/wp\/v2\/categories?post=147200"},{"taxonomy":"post_tag","embeddable":true,"href":"https:\/\/migracao.redenoticia.com.br\/noticia\/wp-json\/wp\/v2\/tags?post=147200"}],"curies":[{"name":"wp","href":"https:\/\/api.w.org\/{rel}","templated":true}]}}