{"id":147228,"date":"2018-07-28T01:03:55","date_gmt":"2018-07-28T04:03:55","guid":{"rendered":"https:\/\/www.redenoticia.com.br\/noticia\/?p=147228"},"modified":"2018-07-28T01:04:16","modified_gmt":"2018-07-28T04:04:16","slug":"resumo-novela-coracao-indomavel-30-07-alvaro-volta-a-pedir-maricruz-em-casamento","status":"publish","type":"post","link":"https:\/\/migracao.redenoticia.com.br\/noticia\/2018\/resumo-novela-coracao-indomavel-30-07-alvaro-volta-a-pedir-maricruz-em-casamento\/147228","title":{"rendered":"Resumo novela \u201cCora\u00e7\u00e3o Indom\u00e1vel\u201d 30\/07: Alvaro volta a pedir Maricruz em casamento"},"content":{"rendered":"<p> <img loading=\"lazy\" decoding=\"async\" src=\"https:\/\/migracao.redenoticia.com.br\/noticia\/imagens\/coracao_indomavel_sbt_novela_resumo-150x112.jpg\" alt=\"\" width=\"150\" height=\"112\" class=\"alignleft size-thumbnail wp-image-66161\" srcset=\"https:\/\/migracao.redenoticia.com.br\/noticia\/imagens\/coracao_indomavel_sbt_novela_resumo-150x112.jpg 150w, https:\/\/migracao.redenoticia.com.br\/noticia\/imagens\/coracao_indomavel_sbt_novela_resumo-265x198.jpg 265w\" sizes=\"auto, (max-width: 150px) 100vw, 150px\" \/><strong><em>Resumo novela \u201cCora\u00e7\u00e3o Indom\u00e1vel\u201d 30\/07 <\/em><\/strong>: no cap\u00edtulo 141(*) da novela \u201cCora\u00e7\u00e3o Indom\u00e1vel\u201d, segunda-feira, 30 de julho, Madalena diz a Elsa que Alvaro contratou uma mulher jovem para cuidar dela. Maricruz entra em uma loja de roupa e a vendedora a reconhece como a mulher que pintaram nua e que depois foi parar na cadeia. A vendedora julga Maricruz pelos acontecimentos de Afonso. <\/p>\n<p>Maricruz sai zangada da loja. Maricruz e Jo\u00e3o Jos\u00e9 se encontram na rua. Ele diz que quer continuar lhe vendo, Maricruz o ignora. Alvaro chega e pede a Jo\u00e3o Jos\u00e9 que n\u00e3o siga perseguindo Maricruz. Alvaro diz a Maricruz que se demitiu de seu trabalho no povoado para estar mais perto dela e de Elsa. Elsa diz a Liz que Alvaro contratou uma mulher para que lhe fa\u00e7a companhia e cuide dela. Alvaro lembra Matricruz da proposta de casamento. Doris diz ao Governador que s\u00f3 falar\u00e1 com ele no apartamento de Ot\u00e1vio, com ele presente.<\/p>\n<p>(*) edi\u00e7\u00e3o do SBT, Novela \u201cCora\u00e7\u00e3o Indom\u00e1vel\u201d, sujeito a altera\u00e7\u00e3o de data e conte\u00fado.<\/p>\n<p>Sinopse &#8211; Maria Alessandra Mendon\u00e7a Olivares, mais conhecida como Maricruz Olivares (Ana Brenda Contreras) vive com Ramiro (Ignacio L\u00f3pez Tarso), seu av\u00f4 materno, e com Soledad (Gaby Mellado), sua irm\u00e3 adotiva, que \u00e9 surda-muda e que foi abandonada quando pequena. Sua casa \u00e9 uma cabana situada em plena natureza, aos arredores da fazenda Narv\u00e1ez.  Miguel (Ren\u00e9 Strickler) e Ot\u00e1vio (Daniel Arenas) s\u00e3o irm\u00e3os e donos da fazenda Narv\u00e1ez, que est\u00e1 hipotecada pela m\u00e1 administra\u00e7\u00e3o de Miguel, o irm\u00e3o mais velho. Ot\u00e1vio \u00e9 piloto e chega \u00e0 fazenda necessitado de dinheiro pois ficou sem trabalho e quer que as terras sejam vendidas, mas sem imaginar, logo vai esquecendo esse objetivo, pois descobre que a terra, a planta\u00e7\u00e3o e o trato com os trabalhadores, s\u00e3o motivo de paix\u00e3o para ele.<\/p>\n","protected":false},"excerpt":{"rendered":"<p>Resumo novela \u201cCora\u00e7\u00e3o Indom\u00e1vel\u201d 30\/07 : no cap\u00edtulo 141(*) da novela \u201cCora\u00e7\u00e3o Indom\u00e1vel\u201d, segunda-feira, 30 de julho, Madalena diz a Elsa que Alvaro contratou uma mulher jovem para cuidar dela. Maricruz entra em uma loja de roupa e a vendedora a reconhece como a mulher que pintaram nua e que depois foi parar na cadeia. [&hellip;]<\/p>\n","protected":false},"author":2,"featured_media":66161,"comment_status":"open","ping_status":"closed","sticky":false,"template":"","format":"standard","meta":{"tdm_status":"","tdm_grid_status":"","footnotes":""},"categories":[379,372,343],"tags":[441],"class_list":{"0":"post-147228","1":"post","2":"type-post","3":"status-publish","4":"format-standard","5":"has-post-thumbnail","7":"category-novelas","8":"category-sbt","9":"category-televisao","10":"tag-resumo-do-dia"},"_links":{"self":[{"href":"https:\/\/migracao.redenoticia.com.br\/noticia\/wp-json\/wp\/v2\/posts\/147228","targetHints":{"allow":["GET"]}}],"collection":[{"href":"https:\/\/migracao.redenoticia.com.br\/noticia\/wp-json\/wp\/v2\/posts"}],"about":[{"href":"https:\/\/migracao.redenoticia.com.br\/noticia\/wp-json\/wp\/v2\/types\/post"}],"author":[{"embeddable":true,"href":"https:\/\/migracao.redenoticia.com.br\/noticia\/wp-json\/wp\/v2\/users\/2"}],"replies":[{"embeddable":true,"href":"https:\/\/migracao.redenoticia.com.br\/noticia\/wp-json\/wp\/v2\/comments?post=147228"}],"version-history":[{"count":0,"href":"https:\/\/migracao.redenoticia.com.br\/noticia\/wp-json\/wp\/v2\/posts\/147228\/revisions"}],"wp:featuredmedia":[{"embeddable":true,"href":"https:\/\/migracao.redenoticia.com.br\/noticia\/wp-json\/wp\/v2\/media\/66161"}],"wp:attachment":[{"href":"https:\/\/migracao.redenoticia.com.br\/noticia\/wp-json\/wp\/v2\/media?parent=147228"}],"wp:term":[{"taxonomy":"category","embeddable":true,"href":"https:\/\/migracao.redenoticia.com.br\/noticia\/wp-json\/wp\/v2\/categories?post=147228"},{"taxonomy":"post_tag","embeddable":true,"href":"https:\/\/migracao.redenoticia.com.br\/noticia\/wp-json\/wp\/v2\/tags?post=147228"}],"curies":[{"name":"wp","href":"https:\/\/api.w.org\/{rel}","templated":true}]}}