{"id":147408,"date":"2018-07-31T01:45:26","date_gmt":"2018-07-31T04:45:26","guid":{"rendered":"https:\/\/www.redenoticia.com.br\/noticia\/?p=147408"},"modified":"2018-08-01T20:02:42","modified_gmt":"2018-08-01T23:02:42","slug":"novela-luz-do-sol-resumo-01-08-laura-descobre-o-paradeiro-de-eliana","status":"publish","type":"post","link":"https:\/\/migracao.redenoticia.com.br\/noticia\/2018\/novela-luz-do-sol-resumo-01-08-laura-descobre-o-paradeiro-de-eliana\/147408","title":{"rendered":"Novela \u201cLuz do Sol\u201d resumo 01\/08: Drica passa a noite com os revoltados"},"content":{"rendered":"<p> <img loading=\"lazy\" decoding=\"async\" class=\"alignleft size-thumbnail wp-image-131397\" src=\"https:\/\/migracao.redenoticia.com.br\/noticia\/imagens\/luz-do-sol-resumo-novela-record-150x112.jpg\" alt=\"\" width=\"150\" height=\"112\" srcset=\"https:\/\/migracao.redenoticia.com.br\/noticia\/imagens\/luz-do-sol-resumo-novela-record-150x112.jpg 150w, https:\/\/migracao.redenoticia.com.br\/noticia\/imagens\/luz-do-sol-resumo-novela-record-265x198.jpg 265w\" sizes=\"auto, (max-width: 150px) 100vw, 150px\" \/><strong><em>Novela \u201cLuz do Sol\u201d resumo 01\/08<\/em><\/strong>: no capitulo 143 (*) da novela \u201cLuz do Sol\u201d, quarta-feira, 01 de agosto, um prisioneiro que estava na mesma cela que Agenor amanhece enforcado. Drica passa a noite com os revoltados na praia e pela manh\u00e3 eles comem num quiosque e saem sem pagar. Valadares avisa a Lorena que a pol\u00edcia j\u00e1 desconfia que a morte de Wandinha est\u00e1 relacionada ao seq\u00fcestro de Drica e pede que ela tome mais cuidado. Preso revela a Valadares que despachou o sujeito conforme combinado e recebe dele uma quantia em dinheiro. Belquiss vai ao flat de Nina sem avisar e d\u00e1 um flagra em Pedro e Nina, encontrando um p\u00f4ster de Nina nua.<\/p>\n<p>Leonardo pede ajuda a Laura para descobrir onde circula a turma de Gabi, com quem Drica est\u00e1 andando. Zo\u00e9 v\u00ea os dois juntos e fica arrasada. Laura descobre o paradeiro de Eliana. Lorena pede a Yan que ele consiga para ela a pasta de Wandinha que est\u00e1 em poder de Marcelo. Stella avisa que vai voltar mais cedo da viagem. William reencontra Eliana na pris\u00e3o.   <\/p>\n<p> William promete a Eliana que vai tir\u00e1-la da cadeia. Eliana pede not\u00edcias de Drica e William mente, dizendo que ela est\u00e1 bem. Preocupada com Nina, que est\u00e1 sendo assediada por um f\u00e3 misterioso, Belquiss pede que Pedro more um tempo com ela, para que n\u00e3o fique sozinha. Agenor come\u00e7a a perceber que h\u00e1 algo misterioso com rela\u00e7\u00e3o \u00e0 morte do preso. Rodrigo Ot\u00e1vio convida Ver\u00f4nica para passar a noite com ele, mas ela inventa mil desculpas para dispens\u00e1-lo. Com ci\u00fames de Leonardo, Zo\u00e9 se consola com Rick e eles terminam transando.<\/p>\n<p>(*) edi\u00e7\u00e3o da Rede Record, Novela \u201cLuz do Sol\u201d, sujeito a altera\u00e7\u00e3o de data e conte\u00fado.<\/p>\n<p>Luz do Sol \u00e9 uma telenovela brasileira produzida pela RecordTV e exibida originalmente entre 21 de mar\u00e7o e 20 de novembro de 2007, em 210 epis\u00f3dios. \u00c9 uma obra representativa na hist\u00f3ria da teledramaturgia da emissora n\u00e3o apenas por isso, mas por ter sido a primeira novela escrita por Ana Maria Moretzsohn para a Record, trazendo a colabora\u00e7\u00e3o de texto de Gustavo Reiz, Ana Clara Santiago, Emilio Boechat e Denise Crispun, com dire\u00e7\u00e3o de Ivan Zettel, F\u00e1bio Junqueira e Jos\u00e9 Carlos Pieri, sob dire\u00e7\u00e3o geral de Ivan Zettel.<\/p>\n<p>Luma Costa interpreta a protagonista, Drica, que foi sequestrada misteriosamente durante sua festa de cinco anos e apareceu afogada em uma praia de pescadores, no qual foi criada sob o nome de Maria Rosa com uma vida humilde. Lu\u00edza Tom\u00e9 e Giuseppe Orist\u00e2nio interpretam os pais biol\u00f3gicos da garota, sendo que enquanto ele desistiu da busca da filha ap\u00f3s 11 anos, ela nunca deixou de busc\u00e1-la, o que acabou ruindo com seu casamento. Patr\u00edcia Fran\u00e7a e Leonardo Br\u00edcio interpretam os pais adotivos de Drica, que criaram-na como filha, sem terem lhe contaram a verdade. Thiago Gagliasso, Paloma Duarte, Petr\u00f4nio Gontijo, Juliana Silveira, Bete Coelho, Floriano Peixoto, Karen Marinho e Let\u00edcia Colin interpretam os demais pap\u00e9is centrais da trama.<\/p>\n","protected":false},"excerpt":{"rendered":"<p>Novela \u201cLuz do Sol\u201d resumo 01\/08: no capitulo 143 (*) da novela \u201cLuz do Sol\u201d, quarta-feira, 01 de agosto, um prisioneiro que estava na mesma cela que Agenor amanhece enforcado. Drica passa a noite com os revoltados na praia e pela manh\u00e3 eles comem num quiosque e saem sem pagar. Valadares avisa a Lorena que [&hellip;]<\/p>\n","protected":false},"author":2,"featured_media":131397,"comment_status":"open","ping_status":"closed","sticky":false,"template":"","format":"standard","meta":{"tdm_status":"","tdm_grid_status":"","footnotes":""},"categories":[379,371,343],"tags":[441],"class_list":{"0":"post-147408","1":"post","2":"type-post","3":"status-publish","4":"format-standard","5":"has-post-thumbnail","7":"category-novelas","8":"category-rede-record","9":"category-televisao","10":"tag-resumo-do-dia"},"_links":{"self":[{"href":"https:\/\/migracao.redenoticia.com.br\/noticia\/wp-json\/wp\/v2\/posts\/147408","targetHints":{"allow":["GET"]}}],"collection":[{"href":"https:\/\/migracao.redenoticia.com.br\/noticia\/wp-json\/wp\/v2\/posts"}],"about":[{"href":"https:\/\/migracao.redenoticia.com.br\/noticia\/wp-json\/wp\/v2\/types\/post"}],"author":[{"embeddable":true,"href":"https:\/\/migracao.redenoticia.com.br\/noticia\/wp-json\/wp\/v2\/users\/2"}],"replies":[{"embeddable":true,"href":"https:\/\/migracao.redenoticia.com.br\/noticia\/wp-json\/wp\/v2\/comments?post=147408"}],"version-history":[{"count":0,"href":"https:\/\/migracao.redenoticia.com.br\/noticia\/wp-json\/wp\/v2\/posts\/147408\/revisions"}],"wp:featuredmedia":[{"embeddable":true,"href":"https:\/\/migracao.redenoticia.com.br\/noticia\/wp-json\/wp\/v2\/media\/131397"}],"wp:attachment":[{"href":"https:\/\/migracao.redenoticia.com.br\/noticia\/wp-json\/wp\/v2\/media?parent=147408"}],"wp:term":[{"taxonomy":"category","embeddable":true,"href":"https:\/\/migracao.redenoticia.com.br\/noticia\/wp-json\/wp\/v2\/categories?post=147408"},{"taxonomy":"post_tag","embeddable":true,"href":"https:\/\/migracao.redenoticia.com.br\/noticia\/wp-json\/wp\/v2\/tags?post=147408"}],"curies":[{"name":"wp","href":"https:\/\/api.w.org\/{rel}","templated":true}]}}