{"id":147434,"date":"2018-07-31T15:59:16","date_gmt":"2018-07-31T18:59:16","guid":{"rendered":"https:\/\/www.redenoticia.com.br\/noticia\/?p=147434"},"modified":"2018-07-31T15:59:16","modified_gmt":"2018-07-31T18:59:16","slug":"resumo-novela-coracao-indomavel-01-08-elsa-chama-maricruz-de-assassina","status":"publish","type":"post","link":"https:\/\/migracao.redenoticia.com.br\/noticia\/2018\/resumo-novela-coracao-indomavel-01-08-elsa-chama-maricruz-de-assassina\/147434","title":{"rendered":"Resumo novela \u201cCora\u00e7\u00e3o Indom\u00e1vel\u201d 01\/08: Elsa chama Maricruz de assassina"},"content":{"rendered":"<p><img loading=\"lazy\" decoding=\"async\" src=\"https:\/\/migracao.redenoticia.com.br\/noticia\/imagens\/coracao_indomavel_sbt_novela_resumo-150x112.jpg\" alt=\"\" width=\"150\" height=\"112\" class=\"alignleft size-thumbnail wp-image-66161\" srcset=\"https:\/\/migracao.redenoticia.com.br\/noticia\/imagens\/coracao_indomavel_sbt_novela_resumo-150x112.jpg 150w, https:\/\/migracao.redenoticia.com.br\/noticia\/imagens\/coracao_indomavel_sbt_novela_resumo-265x198.jpg 265w\" sizes=\"auto, (max-width: 150px) 100vw, 150px\" \/><strong><em>Resumo novela \u201cCora\u00e7\u00e3o Indom\u00e1vel\u201d 01\/08 <\/em><\/strong>: no cap\u00edtulo 143(*) da novela \u201cCora\u00e7\u00e3o Indom\u00e1vel\u201d, quarta-feira, 01 de agosto, Liz conta para Elsa que Maricruz foi amante de Afonso e que ele est\u00e1 morto, mostrando os recortes de jornal. Madalena e Maricruz ouvem Elsa gritar e correm para acudi-la. Ao ver Maricruz, Ela mostra a noticias em que ela se declarou culpada pelo assassinato. Maricruz. Liz diz \u00e0 Maricruz que revelar\u00e1 a Elsa que ela \u00e9 adotada. Ot\u00e1vio procura por Clementina para saber de Maricruz e ela responde que n\u00e3o sabe sobre seu paradeiro. Elsa chama Maricruz de assassina e desmaia logo em seguida. Maricruz conta para \u00c1lvaro que sua filha j\u00e1 est\u00e1 sabendo a verdade sobre Afonso. D\u00f3ris diz a Ot\u00e1vio que Maricruz n\u00e3o se interessa mais por ele. Joaninha visita Clementina e fica sabendo que Ot\u00e1vio a procura. Por telefone, Joaninha informa Ot\u00e1vio que Maricruz est\u00e1 na casa de \u00c1lvaro. Pelo mal entendido com Elsa, Maricruz deixa a casa de \u00c1lvaro.<\/p>\n<p>(*) edi\u00e7\u00e3o do SBT, Novela \u201cCora\u00e7\u00e3o Indom\u00e1vel\u201d, sujeito a altera\u00e7\u00e3o de data e conte\u00fado.<\/p>\n<p>Sinopse &#8211; Maria Alessandra Mendon\u00e7a Olivares, mais conhecida como Maricruz Olivares (Ana Brenda Contreras) vive com Ramiro (Ignacio L\u00f3pez Tarso), seu av\u00f4 materno, e com Soledad (Gaby Mellado), sua irm\u00e3 adotiva, que \u00e9 surda-muda e que foi abandonada quando pequena. Sua casa \u00e9 uma cabana situada em plena natureza, aos arredores da fazenda Narv\u00e1ez.  Miguel (Ren\u00e9 Strickler) e Ot\u00e1vio (Daniel Arenas) s\u00e3o irm\u00e3os e donos da fazenda Narv\u00e1ez, que est\u00e1 hipotecada pela m\u00e1 administra\u00e7\u00e3o de Miguel, o irm\u00e3o mais velho. Ot\u00e1vio \u00e9 piloto e chega \u00e0 fazenda necessitado de dinheiro pois ficou sem trabalho e quer que as terras sejam vendidas, mas sem imaginar, logo vai esquecendo esse objetivo, pois descobre que a terra, a planta\u00e7\u00e3o e o trato com os trabalhadores, s\u00e3o motivo de paix\u00e3o para ele. <\/p>\n","protected":false},"excerpt":{"rendered":"<p>Resumo novela \u201cCora\u00e7\u00e3o Indom\u00e1vel\u201d 01\/08 : no cap\u00edtulo 143(*) da novela \u201cCora\u00e7\u00e3o Indom\u00e1vel\u201d, quarta-feira, 01 de agosto, Liz conta para Elsa que Maricruz foi amante de Afonso e que ele est\u00e1 morto, mostrando os recortes de jornal. Madalena e Maricruz ouvem Elsa gritar e correm para acudi-la. Ao ver Maricruz, Ela mostra a noticias em [&hellip;]<\/p>\n","protected":false},"author":4,"featured_media":66161,"comment_status":"open","ping_status":"closed","sticky":false,"template":"","format":"standard","meta":{"tdm_status":"","tdm_grid_status":"","footnotes":""},"categories":[379,372,343],"tags":[441],"class_list":{"0":"post-147434","1":"post","2":"type-post","3":"status-publish","4":"format-standard","5":"has-post-thumbnail","7":"category-novelas","8":"category-sbt","9":"category-televisao","10":"tag-resumo-do-dia"},"_links":{"self":[{"href":"https:\/\/migracao.redenoticia.com.br\/noticia\/wp-json\/wp\/v2\/posts\/147434","targetHints":{"allow":["GET"]}}],"collection":[{"href":"https:\/\/migracao.redenoticia.com.br\/noticia\/wp-json\/wp\/v2\/posts"}],"about":[{"href":"https:\/\/migracao.redenoticia.com.br\/noticia\/wp-json\/wp\/v2\/types\/post"}],"author":[{"embeddable":true,"href":"https:\/\/migracao.redenoticia.com.br\/noticia\/wp-json\/wp\/v2\/users\/4"}],"replies":[{"embeddable":true,"href":"https:\/\/migracao.redenoticia.com.br\/noticia\/wp-json\/wp\/v2\/comments?post=147434"}],"version-history":[{"count":0,"href":"https:\/\/migracao.redenoticia.com.br\/noticia\/wp-json\/wp\/v2\/posts\/147434\/revisions"}],"wp:featuredmedia":[{"embeddable":true,"href":"https:\/\/migracao.redenoticia.com.br\/noticia\/wp-json\/wp\/v2\/media\/66161"}],"wp:attachment":[{"href":"https:\/\/migracao.redenoticia.com.br\/noticia\/wp-json\/wp\/v2\/media?parent=147434"}],"wp:term":[{"taxonomy":"category","embeddable":true,"href":"https:\/\/migracao.redenoticia.com.br\/noticia\/wp-json\/wp\/v2\/categories?post=147434"},{"taxonomy":"post_tag","embeddable":true,"href":"https:\/\/migracao.redenoticia.com.br\/noticia\/wp-json\/wp\/v2\/tags?post=147434"}],"curies":[{"name":"wp","href":"https:\/\/api.w.org\/{rel}","templated":true}]}}