{"id":147438,"date":"2018-07-31T16:01:57","date_gmt":"2018-07-31T19:01:57","guid":{"rendered":"https:\/\/www.redenoticia.com.br\/noticia\/?p=147438"},"modified":"2018-07-31T16:01:57","modified_gmt":"2018-07-31T19:01:57","slug":"resumo-novela-amanha-e-para-sempre-01-08-goncalo-sofre-um-infarto","status":"publish","type":"post","link":"https:\/\/migracao.redenoticia.com.br\/noticia\/2018\/resumo-novela-amanha-e-para-sempre-01-08-goncalo-sofre-um-infarto\/147438","title":{"rendered":"Resumo novela \u201cAmanh\u00e3 \u00e9 para sempre\u201d 01\/08: Gon\u00e7alo sofre um infarto"},"content":{"rendered":"<p><img loading=\"lazy\" decoding=\"async\" class=\"alignleft size-thumbnail wp-image-134147\" src=\"https:\/\/migracao.redenoticia.com.br\/noticia\/imagens\/amanha-e-para-sempre-sbt-novela-resumo-150x112.jpg\" alt=\"\" width=\"150\" height=\"112\" srcset=\"https:\/\/migracao.redenoticia.com.br\/noticia\/imagens\/amanha-e-para-sempre-sbt-novela-resumo-150x112.jpg 150w, https:\/\/migracao.redenoticia.com.br\/noticia\/imagens\/amanha-e-para-sempre-sbt-novela-resumo-265x198.jpg 265w\" sizes=\"auto, (max-width: 150px) 100vw, 150px\" \/><strong><em>Resumo novela \u201cAmanh\u00e3 \u00e9 para sempre\u201d 01\/08 <\/em><\/strong>: no cap\u00edtulo 118(*) da novela \u201cAmanh\u00e3 \u00e9 para sempre\u201d, resumo de quarta-feira, 01 de agosto, Eduardo pede ao padre Bosco que o ajude a encontrar Adriano para falar sobre Aurora. Santiago e Fernanda chegam \u00e0 conclus\u00e3o de que B\u00e1rbara matou o caseiro. Art\u00eamio Bravo alerta para um de seus homens que assim que ele der a ordem, matem Eduardo. Adriano gosta de B\u00e1rbara ter ido busc\u00e1-lo e lhe assegura que se dedicar\u00e1 a faz\u00ea-la pagar uma a uma as humilha\u00e7\u00f5es que ela o fez passar. Gon\u00e7alo sofre um infarto quando seu advogado comunica que Rebeca Sanchez acusou Camilo de ter violentado sua filha, Aurora. Na pris\u00e3o, Adriano pede a B\u00e1rbara que conven\u00e7a Fernanda de visit\u00e1-lo e talvez dizer aonde est\u00e1 Aurora. B\u00e1rbara suplica a Adriano que n\u00e3o diga o paradeiro de sua filha a Fernanda, por ela e Santiago v\u00e3o querer separ\u00e1-la de Aurora. B\u00e1rbara procura por Art\u00eamio Bravo e sugere que se unam para recuperar Aurora. B\u00e1rbara diz a Art\u00eamio que ainda que n\u00e3o se atreva a sentir ou a reconhecer, a filha que tiveram, Aurora, \u00e9 a \u00fanica bondade que foi capaz de sobreviver em seu cora\u00e7\u00e3o. Art\u00eamio aceita o trato. Padre Bosco diz a Fernanda que Adriano exige que toda negocia\u00e7\u00e3o sobre o paradeiro de Aurora seja feita com ela e para isso ter\u00e1 que ir at\u00e9 a cadeia.<\/p>\n<p>(*) edi\u00e7\u00e3o do SBT, Novela \u201cAmanh\u00e3 \u00e9 para sempre\u201d, sujeito a altera\u00e7\u00e3o de data e conte\u00fado.<\/p>\n<p>Fernanda \u00e9 a filha ca\u00e7ula do fazendeiro Gonzalo Elizalde, dono de uma grande companhia leiteira, e Eduardo \u00e9 filho de Soledad, a governanta da fam\u00edlia Elizalde. As duas crian\u00e7as t\u00eam crescido juntas e unidas por um amor inocente e justo, apesar da diferen\u00e7a de classes sociais.<\/p>\n<p>Gonzalo vive feliz com sua esposa Montserrat e seus cinco filhos, sem suspeitar que um inimigo implac\u00e1vel acerca aos seus. Artemio Bravo sente um \u00f3dio intenso e amargo de Gonzalo, que tem corro\u00eddo sua mente e, sua \u00fanica meta \u00e9 destruir, lenta e dolorosamente, toda a fam\u00edlia Elizalde. Para isso, Artemio utiliza uma jovem sem escr\u00fapulos que chega a empresa de Gonzalo com o nome de Rebeca S\u00e1nchez, que, posteriormente, muda sua identidade para B\u00e1rbara Greco. Sua intelig\u00eancia causa boa impress\u00e3o em Gonzalo, que a contrata como sua assistente pessoal. Pouco a pouco, e com muita ast\u00facia, B\u00e1rbara obt\u00e9m total confian\u00e7a.<\/p>\n<p>As primeiras v\u00edtimas de B\u00e1rbara s\u00e3o Eduardo e Fernanda, que os descobre beijando-se. Muito sutil e venenosa, B\u00e1rbara convence Montserrat de que Eduardo pode ser um perigo para a menina e o garoto \u00e9 enviado para um internato na cidade. As cartas dos meninos chegam \u00e0s m\u00e3os de Soledad e ela, com muita dor, decide n\u00e3o entreg\u00e1-las a eles. Isso faz com que Fernanda se sinta esquecida por Eduardo.<\/p>\n","protected":false},"excerpt":{"rendered":"<p>Resumo novela \u201cAmanh\u00e3 \u00e9 para sempre\u201d 01\/08 : no cap\u00edtulo 118(*) da novela \u201cAmanh\u00e3 \u00e9 para sempre\u201d, resumo de quarta-feira, 01 de agosto, Eduardo pede ao padre Bosco que o ajude a encontrar Adriano para falar sobre Aurora. Santiago e Fernanda chegam \u00e0 conclus\u00e3o de que B\u00e1rbara matou o caseiro. Art\u00eamio Bravo alerta para um [&hellip;]<\/p>\n","protected":false},"author":4,"featured_media":134147,"comment_status":"open","ping_status":"closed","sticky":false,"template":"","format":"standard","meta":{"tdm_status":"","tdm_grid_status":"","footnotes":""},"categories":[379,372,343],"tags":[441],"class_list":{"0":"post-147438","1":"post","2":"type-post","3":"status-publish","4":"format-standard","5":"has-post-thumbnail","7":"category-novelas","8":"category-sbt","9":"category-televisao","10":"tag-resumo-do-dia"},"_links":{"self":[{"href":"https:\/\/migracao.redenoticia.com.br\/noticia\/wp-json\/wp\/v2\/posts\/147438","targetHints":{"allow":["GET"]}}],"collection":[{"href":"https:\/\/migracao.redenoticia.com.br\/noticia\/wp-json\/wp\/v2\/posts"}],"about":[{"href":"https:\/\/migracao.redenoticia.com.br\/noticia\/wp-json\/wp\/v2\/types\/post"}],"author":[{"embeddable":true,"href":"https:\/\/migracao.redenoticia.com.br\/noticia\/wp-json\/wp\/v2\/users\/4"}],"replies":[{"embeddable":true,"href":"https:\/\/migracao.redenoticia.com.br\/noticia\/wp-json\/wp\/v2\/comments?post=147438"}],"version-history":[{"count":0,"href":"https:\/\/migracao.redenoticia.com.br\/noticia\/wp-json\/wp\/v2\/posts\/147438\/revisions"}],"wp:featuredmedia":[{"embeddable":true,"href":"https:\/\/migracao.redenoticia.com.br\/noticia\/wp-json\/wp\/v2\/media\/134147"}],"wp:attachment":[{"href":"https:\/\/migracao.redenoticia.com.br\/noticia\/wp-json\/wp\/v2\/media?parent=147438"}],"wp:term":[{"taxonomy":"category","embeddable":true,"href":"https:\/\/migracao.redenoticia.com.br\/noticia\/wp-json\/wp\/v2\/categories?post=147438"},{"taxonomy":"post_tag","embeddable":true,"href":"https:\/\/migracao.redenoticia.com.br\/noticia\/wp-json\/wp\/v2\/tags?post=147438"}],"curies":[{"name":"wp","href":"https:\/\/api.w.org\/{rel}","templated":true}]}}