{"id":147441,"date":"2018-07-31T16:02:56","date_gmt":"2018-07-31T19:02:56","guid":{"rendered":"https:\/\/www.redenoticia.com.br\/noticia\/?p=147441"},"modified":"2018-07-31T16:44:46","modified_gmt":"2018-07-31T19:44:46","slug":"resumo-novela-as-aventuras-de-poliana-01-08-mirela-descobre-que-vai-voltar-para-o-interior","status":"publish","type":"post","link":"https:\/\/migracao.redenoticia.com.br\/noticia\/2018\/resumo-novela-as-aventuras-de-poliana-01-08-mirela-descobre-que-vai-voltar-para-o-interior\/147441","title":{"rendered":"Resumo novela \u201cAs Aventuras de Poliana\u201d 01\/08: Mirela sai correndo de casa"},"content":{"rendered":"<p><img loading=\"lazy\" decoding=\"async\" class=\"alignleft size-thumbnail wp-image-141221\" src=\"https:\/\/migracao.redenoticia.com.br\/noticia\/imagens\/As-Aventuras-de-Poliana-novela-SBT-resumo-capitulo-150x112.jpg\" alt=\"\" width=\"150\" height=\"112\" srcset=\"https:\/\/migracao.redenoticia.com.br\/noticia\/imagens\/As-Aventuras-de-Poliana-novela-SBT-resumo-capitulo-150x112.jpg 150w, https:\/\/migracao.redenoticia.com.br\/noticia\/imagens\/As-Aventuras-de-Poliana-novela-SBT-resumo-capitulo-265x198.jpg 265w\" sizes=\"auto, (max-width: 150px) 100vw, 150px\" \/><strong><em>Resumo novela \u201cAs Aventuras de Poliana\u201d 01\/08 <\/em><\/strong>: no cap\u00edtulo 056(*) da novela \u201cAs Aventuras de Poliana\u201d, resumo de quarta-feira, 01 de agosto, Lu\u00edsa vai at\u00e9 a casa de Claudia, que est\u00e1 triste e desmotivada em casa. Claudia diz que v\u00e3o abrir as capsulas do tempo na festa da escola. Lu\u00edsa fica preocupada que se Poliana for na festa descubra toda verdade sobre Durval. S\u00e9rgio comenta com Waldisney sobre achar que Otto e Sr. Pendleton s\u00e3o a mesma pessoa. Waldisney comenta com a empresa toda isso. Iuri convida Poliana e Filipa para participarem de uma encena\u00e7\u00e3o na festa da escola. Otto pergunta para Roger se ele sabe o motivo de S\u00e9rgio querer falar com ele. Roger diz que n\u00e3o sabe, mas ao desligar fica nervoso. Mirela chega em casa e as malas dela est\u00e3o prontas. <\/p>\n<p>Dona Branca diz que a neta passou dos limites e ir\u00e1 voltar para o interior para morar com os pais. Mirela fica triste, mas ao ver que a av\u00f3 n\u00e3o muda de ideia sai correndo de casa. Marcelo encontra Jo\u00e3o na rua ao seguir o cachorro Feij\u00e3o. Waldisney conta para Roger que escutou que S\u00e9rgio quer process\u00e1-lo. Raquel passa a trabalhar na padaria como parte do castigo do pai. Mirela chega na padaria chorando e pedindo ajuda para Raquel. Em seguida, Mirela telefona para Nanci e pede ajuda. Poliana vai at\u00e9 a casa de Dona Branca pedir para que ela perdoe Mirela.<\/p>\n<p>(*) edi\u00e7\u00e3o do SBT, Novela \u201cAs Aventuras de Poliana\u201d, sujeito a altera\u00e7\u00e3o de data e conte\u00fado.<\/p>\n<p>Poliana \u00e9 uma menina extrovertida e de bom cora\u00e7\u00e3o que viajava o Brasil com seus pais, Lorenzo e Alice, no grupo circense Trupe Vagalume. Aos onze anos a garota v\u00ea seu mundo desabar quando seus pais falecem e ela tem que ir morar em S\u00e3o Paulo com sua tia Lu\u00edsa, uma mulher rica e severa, a qual ela n\u00e3o conhecia e que n\u00e3o queria cuidar dela, embora sinta que \u00e9 sua obriga\u00e7\u00e3o pela alma de sua irm\u00e3. Apesar do jeito da rigidez da tia, Poliana decide ter uma vis\u00e3o positiva e inabal\u00e1vel da vida, mesmo nos momentos de dificuldade, tentando levar um pouco de felicidade para a vida de cada um dos seus novos amigos e vizinhos, como o Sr. Pendleton, um homem rico e infeliz por nunca ter tido filhos. Ela vai estudar no col\u00e9gio de Ruth, uma diretora de bom cora\u00e7\u00e3o que a ajuda a se adaptar, mas tem que lidar com as vilanias de Mirela, garota mais velha que n\u00e3o aceita perder a popularidade para uma novata.<\/p>\n","protected":false},"excerpt":{"rendered":"<p>Resumo novela \u201cAs Aventuras de Poliana\u201d 01\/08 : no cap\u00edtulo 056(*) da novela \u201cAs Aventuras de Poliana\u201d, resumo de quarta-feira, 01 de agosto, Lu\u00edsa vai at\u00e9 a casa de Claudia, que est\u00e1 triste e desmotivada em casa. Claudia diz que v\u00e3o abrir as capsulas do tempo na festa da escola. Lu\u00edsa fica preocupada que se [&hellip;]<\/p>\n","protected":false},"author":4,"featured_media":141221,"comment_status":"open","ping_status":"closed","sticky":false,"template":"","format":"standard","meta":{"tdm_status":"","tdm_grid_status":"","footnotes":""},"categories":[477,379,372,343],"tags":[441],"class_list":{"0":"post-147441","1":"post","2":"type-post","3":"status-publish","4":"format-standard","5":"has-post-thumbnail","7":"category-as-aventuras-de-poliana","8":"category-novelas","9":"category-sbt","10":"category-televisao","11":"tag-resumo-do-dia"},"_links":{"self":[{"href":"https:\/\/migracao.redenoticia.com.br\/noticia\/wp-json\/wp\/v2\/posts\/147441","targetHints":{"allow":["GET"]}}],"collection":[{"href":"https:\/\/migracao.redenoticia.com.br\/noticia\/wp-json\/wp\/v2\/posts"}],"about":[{"href":"https:\/\/migracao.redenoticia.com.br\/noticia\/wp-json\/wp\/v2\/types\/post"}],"author":[{"embeddable":true,"href":"https:\/\/migracao.redenoticia.com.br\/noticia\/wp-json\/wp\/v2\/users\/4"}],"replies":[{"embeddable":true,"href":"https:\/\/migracao.redenoticia.com.br\/noticia\/wp-json\/wp\/v2\/comments?post=147441"}],"version-history":[{"count":0,"href":"https:\/\/migracao.redenoticia.com.br\/noticia\/wp-json\/wp\/v2\/posts\/147441\/revisions"}],"wp:featuredmedia":[{"embeddable":true,"href":"https:\/\/migracao.redenoticia.com.br\/noticia\/wp-json\/wp\/v2\/media\/141221"}],"wp:attachment":[{"href":"https:\/\/migracao.redenoticia.com.br\/noticia\/wp-json\/wp\/v2\/media?parent=147441"}],"wp:term":[{"taxonomy":"category","embeddable":true,"href":"https:\/\/migracao.redenoticia.com.br\/noticia\/wp-json\/wp\/v2\/categories?post=147441"},{"taxonomy":"post_tag","embeddable":true,"href":"https:\/\/migracao.redenoticia.com.br\/noticia\/wp-json\/wp\/v2\/tags?post=147441"}],"curies":[{"name":"wp","href":"https:\/\/api.w.org\/{rel}","templated":true}]}}