{"id":147445,"date":"2018-07-31T16:04:57","date_gmt":"2018-07-31T19:04:57","guid":{"rendered":"https:\/\/www.redenoticia.com.br\/noticia\/?p=147445"},"modified":"2018-07-31T16:04:57","modified_gmt":"2018-07-31T19:04:57","slug":"resumo-novela-z4-01-08-felipe-e-giovana-se-unem-para-acabar-com-a-z4","status":"publish","type":"post","link":"https:\/\/migracao.redenoticia.com.br\/noticia\/2018\/resumo-novela-z4-01-08-felipe-e-giovana-se-unem-para-acabar-com-a-z4\/147445","title":{"rendered":"Resumo novela \u201cZ4\u201d 01\/08: Felipe e Giovana se unem para acabar com a Z4"},"content":{"rendered":"<p><img loading=\"lazy\" decoding=\"async\" class=\"alignleft size-thumbnail wp-image-146831\" src=\"https:\/\/migracao.redenoticia.com.br\/noticia\/imagens\/z4-sbt-novela-resumo-150x112.jpg\" alt=\"\" width=\"150\" height=\"112\" srcset=\"https:\/\/migracao.redenoticia.com.br\/noticia\/imagens\/z4-sbt-novela-resumo-150x112.jpg 150w, https:\/\/migracao.redenoticia.com.br\/noticia\/imagens\/z4-sbt-novela-resumo-265x198.jpg 265w\" sizes=\"auto, (max-width: 150px) 100vw, 150px\" \/><strong><em>Resumo novela \u201cZ4\u201d 01\/08 <\/em><\/strong>: no cap\u00edtulo 006(*) da novela \u201cZ4\u201d, resumo de quarta-feira, 01 de agosto, Rafael tenta mostrar suas letras de m\u00fasica para Z\u00e9, sem sucesso. D\u00e9bora reclama da presen\u00e7a de Rafael em sua pe\u00e7a de teatro. F\u00e1tima costura as primeiras roupas do grupo, estilo anos 80. Felipe e Giovana se unem para acabar com a Z4. Z\u00e9 resolve testar as habilidades vocais de Luca e Paulo e apresenta a primeira m\u00fasica do grupo: Teteia.<\/p>\n<p>(*) edi\u00e7\u00e3o do SBT, Novela \u201cZ4\u201d, sujeito a altera\u00e7\u00e3o de data e conte\u00fado.<\/p>\n<p>A \u201cZ4\u201d chega no SBT. Uma parceria do SBT com a Disney, a Sony Music e a produtora Formata, a nova s\u00e9rie aborda temas adolescentes para todas as idades. \u201cZ4\u201d conta a hist\u00f3ria de Z\u00e9 Toledo, um produtor musical que fez muito sucesso na d\u00e9cada de 80 e que hoje est\u00e1 decadente, resolve apostar suas \u00faltimas fichas em uma boyband com seu nome. Formada por quatro jovens talentosos e ele \u2013 um produtor musical autorit\u00e1rio e atrapalhado \u2013 em busca de um sonho: montar a boyband e fazer sucesso. Enzo \u00e9 o cantor, Paulo dan\u00e7a, Rafael comp\u00f5e e Luca \u00e9 a celebridade da internet. Todos s\u00e3o jovens em busca de sucesso. Esse \u00e9 o roteiro da s\u00e9rie, mas tamb\u00e9m a vida real.<\/p>\n","protected":false},"excerpt":{"rendered":"<p>Resumo novela \u201cZ4\u201d 01\/08 : no cap\u00edtulo 006(*) da novela \u201cZ4\u201d, resumo de quarta-feira, 01 de agosto, Rafael tenta mostrar suas letras de m\u00fasica para Z\u00e9, sem sucesso. D\u00e9bora reclama da presen\u00e7a de Rafael em sua pe\u00e7a de teatro. F\u00e1tima costura as primeiras roupas do grupo, estilo anos 80. Felipe e Giovana se unem para [&hellip;]<\/p>\n","protected":false},"author":4,"featured_media":146831,"comment_status":"open","ping_status":"closed","sticky":false,"template":"","format":"standard","meta":{"tdm_status":"","tdm_grid_status":"","footnotes":""},"categories":[379,372,343],"tags":[441],"class_list":{"0":"post-147445","1":"post","2":"type-post","3":"status-publish","4":"format-standard","5":"has-post-thumbnail","7":"category-novelas","8":"category-sbt","9":"category-televisao","10":"tag-resumo-do-dia"},"_links":{"self":[{"href":"https:\/\/migracao.redenoticia.com.br\/noticia\/wp-json\/wp\/v2\/posts\/147445","targetHints":{"allow":["GET"]}}],"collection":[{"href":"https:\/\/migracao.redenoticia.com.br\/noticia\/wp-json\/wp\/v2\/posts"}],"about":[{"href":"https:\/\/migracao.redenoticia.com.br\/noticia\/wp-json\/wp\/v2\/types\/post"}],"author":[{"embeddable":true,"href":"https:\/\/migracao.redenoticia.com.br\/noticia\/wp-json\/wp\/v2\/users\/4"}],"replies":[{"embeddable":true,"href":"https:\/\/migracao.redenoticia.com.br\/noticia\/wp-json\/wp\/v2\/comments?post=147445"}],"version-history":[{"count":0,"href":"https:\/\/migracao.redenoticia.com.br\/noticia\/wp-json\/wp\/v2\/posts\/147445\/revisions"}],"wp:featuredmedia":[{"embeddable":true,"href":"https:\/\/migracao.redenoticia.com.br\/noticia\/wp-json\/wp\/v2\/media\/146831"}],"wp:attachment":[{"href":"https:\/\/migracao.redenoticia.com.br\/noticia\/wp-json\/wp\/v2\/media?parent=147445"}],"wp:term":[{"taxonomy":"category","embeddable":true,"href":"https:\/\/migracao.redenoticia.com.br\/noticia\/wp-json\/wp\/v2\/categories?post=147445"},{"taxonomy":"post_tag","embeddable":true,"href":"https:\/\/migracao.redenoticia.com.br\/noticia\/wp-json\/wp\/v2\/tags?post=147445"}],"curies":[{"name":"wp","href":"https:\/\/api.w.org\/{rel}","templated":true}]}}