{"id":147447,"date":"2018-07-31T16:06:06","date_gmt":"2018-07-31T19:06:06","guid":{"rendered":"https:\/\/www.redenoticia.com.br\/noticia\/?p=147447"},"modified":"2018-07-31T16:46:19","modified_gmt":"2018-07-31T19:46:19","slug":"resumo-novela-belissima-01-08-pascoal-se-ilumina-quando-vitoria-chega-a-oficina","status":"publish","type":"post","link":"https:\/\/migracao.redenoticia.com.br\/noticia\/2018\/resumo-novela-belissima-01-08-pascoal-se-ilumina-quando-vitoria-chega-a-oficina\/147447","title":{"rendered":"Resumo novela \u201cBel\u00edssima\u201d 01\/08: Pascoal se ilumina quando Vit\u00f3ria chega \u00e0 oficina"},"content":{"rendered":"<p><img loading=\"lazy\" decoding=\"async\" class=\"alignleft size-thumbnail wp-image-143034\" src=\"https:\/\/migracao.redenoticia.com.br\/noticia\/imagens\/belissima-novela-globo-resumo-capitulo-150x112.jpg\" alt=\"\" width=\"150\" height=\"112\" srcset=\"https:\/\/migracao.redenoticia.com.br\/noticia\/imagens\/belissima-novela-globo-resumo-capitulo-150x112.jpg 150w, https:\/\/migracao.redenoticia.com.br\/noticia\/imagens\/belissima-novela-globo-resumo-capitulo-265x198.jpg 265w\" sizes=\"auto, (max-width: 150px) 100vw, 150px\" \/><strong><em>Resumo novela \u201cBel\u00edssima\u201d 01\/08 <\/em><\/strong>: no cap\u00edtulo 039(*) da novela \u201cBel\u00edssima\u201d, resumo de quarta-feira, 01 de agosto, Nikos pede que J\u00falia converse com Alberto sobre o filho. Andr\u00e9 n\u00e3o gosta de ver os dois conversando e os interrompe. \u00c9rica insiste e Rebeca olha o seu book. Giovana fica arrasada. Murat confessa a Katina que saiu para conversar com os donos de Bel\u00edssima sobre a compra dos terrenos. M\u00f4nica diz a Cemil que n\u00e3o tem raiva dele. Ele promete que vai conseguir que Toninho volte para ela. Mary detesta o texto. Gigi se retira ofendido depois de defender o que chama de obra prima. Andr\u00e9 reclama com J\u00falia sobre o pedido de Nikos e confessa ter ci\u00fames do grego. Karen avisa que a ag\u00eancia vai fechar e Giovana vai embora humilhada. Safira consola a filha. <\/p>\n<p>Maria Jo\u00e3o tripudia. Soraya e Tadeu conversam. Bia conta sobre Pascoal para Medeiros, para ver se consegue implic\u00e1-lo tamb\u00e9m no processo de Vit\u00f3ria. Rebeca diz a Karen que vai investir tudo em \u00c9rica. J\u00falia reclama porque \u00c9rica chegou tarde e as duas brigam. Mary quer falar com o famoso autor do texto. Bento chega b\u00eabado. Aquilino diz que Toninho est\u00e1 com muita febre. M\u00f4nica se desespera ao ver o estado do menino. Bia vibra com as novidades de \u00c9rica. M\u00f4nica exige que Alberto tome provid\u00eancias. Narciso discute com Mateus e Cemil ouve o irm\u00e3o perguntando onde Mateus arranja dinheiro. Safira briga com Rebeca na frente de clientes. Pascoal se ilumina quando Vit\u00f3ria chega \u00e0 oficina.<\/p>\n<p>(*) edi\u00e7\u00e3o da Rede Globo, Novela \u201cBel\u00edssima\u201d, sujeito a altera\u00e7\u00e3o de data e conte\u00fado.<\/p>\n<p>Simp\u00e1tica, bem-sucedida e discreta, J\u00falia Assump\u00e7\u00e3o \u00e9 presidente da Bel\u00edssima, refer\u00eancia mundial no setor de roupas \u00edntimas. Sua av\u00f3, Bia Falc\u00e3o, a pressiona para se tornar parecida com a m\u00e3e, Stella Assump\u00e7\u00e3o \u2013 que foi uma modelo bastante famosa, mito de beleza na d\u00e9cada de 1960. Fundadora da marca Bel\u00edssima, Stella morreu em um acidente de avi\u00e3o junto com seu marido, deixando \u00f3rf\u00e3os J\u00falia e Pedro. Desde ent\u00e3o, Bia Falc\u00e3o se tornou respons\u00e1vel pelos dois, tendo-os criado. At\u00e9 hoje tenta controlar a vida deles. Em casa, J\u00falia s\u00f3 encontra apoio no tio, Argemiro Falc\u00e3o, vulgo Gigi, e na governanta, Matilde. Bia faz de tudo para J\u00falia se sentir culpada pela morte dos pais.<\/p>\n<p>A vil\u00e3 far\u00e1 de tudo para acabar com os romances de Pedro com Vit\u00f3ria, uma ex- menina de rua que ele escolheu para ser sua esposa, com quem tem uma filha, e Vit\u00f3ria ser\u00e1 perseguida pela vil\u00e3 durante toda a trama, por\u00e9m, sem perder a fibra e a coragem; e de J\u00falia com Andr\u00e9 Santana. Este, apesar de n\u00e3o parecer inicialmente, \u00e9 um grande e terr\u00edvel vil\u00e3o, diab\u00f3lico e ambicioso, que almeja ser dono da Bel\u00edssima em conjunto com seu pai, Aquilino Santana, o seu Quiqui, que aparenta ser um bom velhinho, mas \u00e9, na verdade, um bandido da pior esp\u00e9cie, ex-matador de aluguel. Andr\u00e9 vai se envolver com J\u00falia e com a filha de J\u00falia, \u00c9rica, uma mulher f\u00fatil e perversa como a bisav\u00f3 Bia Falc\u00e3o. \u00c9rica \u00e9 aspirante a modelo.<\/p>\n","protected":false},"excerpt":{"rendered":"<p>Resumo novela \u201cBel\u00edssima\u201d 01\/08 : no cap\u00edtulo 039(*) da novela \u201cBel\u00edssima\u201d, resumo de quarta-feira, 01 de agosto, Nikos pede que J\u00falia converse com Alberto sobre o filho. Andr\u00e9 n\u00e3o gosta de ver os dois conversando e os interrompe. \u00c9rica insiste e Rebeca olha o seu book. Giovana fica arrasada. Murat confessa a Katina que saiu [&hellip;]<\/p>\n","protected":false},"author":4,"featured_media":143034,"comment_status":"open","ping_status":"closed","sticky":false,"template":"","format":"standard","meta":{"tdm_status":"","tdm_grid_status":"","footnotes":""},"categories":[485,379,375,343],"tags":[441],"class_list":{"0":"post-147447","1":"post","2":"type-post","3":"status-publish","4":"format-standard","5":"has-post-thumbnail","7":"category-belissima","8":"category-novelas","9":"category-rede-globo","10":"category-televisao","11":"tag-resumo-do-dia"},"_links":{"self":[{"href":"https:\/\/migracao.redenoticia.com.br\/noticia\/wp-json\/wp\/v2\/posts\/147447","targetHints":{"allow":["GET"]}}],"collection":[{"href":"https:\/\/migracao.redenoticia.com.br\/noticia\/wp-json\/wp\/v2\/posts"}],"about":[{"href":"https:\/\/migracao.redenoticia.com.br\/noticia\/wp-json\/wp\/v2\/types\/post"}],"author":[{"embeddable":true,"href":"https:\/\/migracao.redenoticia.com.br\/noticia\/wp-json\/wp\/v2\/users\/4"}],"replies":[{"embeddable":true,"href":"https:\/\/migracao.redenoticia.com.br\/noticia\/wp-json\/wp\/v2\/comments?post=147447"}],"version-history":[{"count":0,"href":"https:\/\/migracao.redenoticia.com.br\/noticia\/wp-json\/wp\/v2\/posts\/147447\/revisions"}],"wp:featuredmedia":[{"embeddable":true,"href":"https:\/\/migracao.redenoticia.com.br\/noticia\/wp-json\/wp\/v2\/media\/143034"}],"wp:attachment":[{"href":"https:\/\/migracao.redenoticia.com.br\/noticia\/wp-json\/wp\/v2\/media?parent=147447"}],"wp:term":[{"taxonomy":"category","embeddable":true,"href":"https:\/\/migracao.redenoticia.com.br\/noticia\/wp-json\/wp\/v2\/categories?post=147447"},{"taxonomy":"post_tag","embeddable":true,"href":"https:\/\/migracao.redenoticia.com.br\/noticia\/wp-json\/wp\/v2\/tags?post=147447"}],"curies":[{"name":"wp","href":"https:\/\/api.w.org\/{rel}","templated":true}]}}