{"id":147453,"date":"2018-07-31T16:13:21","date_gmt":"2018-07-31T19:13:21","guid":{"rendered":"https:\/\/www.redenoticia.com.br\/noticia\/?p=147453"},"modified":"2018-07-31T16:13:21","modified_gmt":"2018-07-31T19:13:21","slug":"resumo-novela-o-tempo-nao-para-01-08-marocas-foge-da-casa-de-marino","status":"publish","type":"post","link":"https:\/\/migracao.redenoticia.com.br\/noticia\/2018\/resumo-novela-o-tempo-nao-para-01-08-marocas-foge-da-casa-de-marino\/147453","title":{"rendered":"Resumo novela \u201cO Tempo N\u00e3o Para\u201d 01\/08: Marocas foge da casa de Marino"},"content":{"rendered":"<p><img loading=\"lazy\" decoding=\"async\" src=\"https:\/\/migracao.redenoticia.com.br\/noticia\/imagens\/o-tempo-nao-para-novela-resumo-globo-150x112.jpg\" alt=\"\" width=\"150\" height=\"112\" class=\"alignleft size-thumbnail wp-image-146653\" srcset=\"https:\/\/migracao.redenoticia.com.br\/noticia\/imagens\/o-tempo-nao-para-novela-resumo-globo-150x112.jpg 150w, https:\/\/migracao.redenoticia.com.br\/noticia\/imagens\/o-tempo-nao-para-novela-resumo-globo-265x198.jpg 265w\" sizes=\"auto, (max-width: 150px) 100vw, 150px\" \/><strong><em>Resumo novela \u201cO Tempo N\u00e3o Para\u201d 01\/08 <\/em><\/strong>: no cap\u00edtulo 002(*) da novela \u201cO Tempo N\u00e3o Para\u201d, resumo quarta-feira, 01 de agosto, Elmo encontra parte da prancha de Samuca e se preocupa com o amigo. Marocas acorda, se assusta com Samuca e Marino ajuda a mo\u00e7a. Waleska e Mateus coordenam a remo\u00e7\u00e3o das pessoas congeladas para a Criotec. Elmo avisa a Betina que Samuca est\u00e1 desaparecido. Samuca tenta se explicar para Marino. Monalisa cuida de Marocas. Petra sugere que o caso dos congelados permane\u00e7a em sigilo. Marocas foge da casa de Marino, mas desmaia e \u00e9 levada para o hospital em S\u00e3o Paulo. Betina se preocupa com o noivo. Samuca cuida de Marocas. Betina fica enciumada ao saber de Marocas. Petra, Waleska e Mateus especulam sobre a origem da fam\u00edlia Sabino Machado diante das c\u00e1psulas criog\u00eanicas em que eles est\u00e3o.<\/p>\n<p>(*) edi\u00e7\u00e3o da Rede Globo, Novela \u201cO Tempo N\u00e3o Para\u201d, sujeito a altera\u00e7\u00e3o de data e conte\u00fado.<\/p>\n<p>Anos de avan\u00e7os e descobertas que moldaram costumes, h\u00e1bitos e linguagens da sociedade contempor\u00e2nea v\u00e3o gerar um choque em uma abastada fam\u00edlia do s\u00e9culo XIX que desperta no s\u00e9culo XXI. Por 132 anos, os Sabino Machado e seus agregados ficaram congelados, dentro de um bloco de gelo, enquanto a vida l\u00e1 fora passava. Agora, v\u00e3o despertar em uma S\u00e3o Paulo pulsante e turbulenta e se deparar com a sociedade em pleno 2018. &#8220;O Tempo N\u00e3o Para&#8221;, nova novela das 7, \u00e9 escrita por Mario Teixeira e tem dire\u00e7\u00e3o art\u00edstica de Leonardo Nogueira.<\/p>\n","protected":false},"excerpt":{"rendered":"<p>Resumo novela \u201cO Tempo N\u00e3o Para\u201d 01\/08 : no cap\u00edtulo 002(*) da novela \u201cO Tempo N\u00e3o Para\u201d, resumo quarta-feira, 01 de agosto, Elmo encontra parte da prancha de Samuca e se preocupa com o amigo. Marocas acorda, se assusta com Samuca e Marino ajuda a mo\u00e7a. Waleska e Mateus coordenam a remo\u00e7\u00e3o das pessoas congeladas [&hellip;]<\/p>\n","protected":false},"author":4,"featured_media":146653,"comment_status":"open","ping_status":"closed","sticky":false,"template":"","format":"standard","meta":{"tdm_status":"","tdm_grid_status":"","footnotes":""},"categories":[379,490,375,343],"tags":[441],"class_list":{"0":"post-147453","1":"post","2":"type-post","3":"status-publish","4":"format-standard","5":"has-post-thumbnail","7":"category-novelas","8":"category-o-tempo-nao-para","9":"category-rede-globo","10":"category-televisao","11":"tag-resumo-do-dia"},"_links":{"self":[{"href":"https:\/\/migracao.redenoticia.com.br\/noticia\/wp-json\/wp\/v2\/posts\/147453","targetHints":{"allow":["GET"]}}],"collection":[{"href":"https:\/\/migracao.redenoticia.com.br\/noticia\/wp-json\/wp\/v2\/posts"}],"about":[{"href":"https:\/\/migracao.redenoticia.com.br\/noticia\/wp-json\/wp\/v2\/types\/post"}],"author":[{"embeddable":true,"href":"https:\/\/migracao.redenoticia.com.br\/noticia\/wp-json\/wp\/v2\/users\/4"}],"replies":[{"embeddable":true,"href":"https:\/\/migracao.redenoticia.com.br\/noticia\/wp-json\/wp\/v2\/comments?post=147453"}],"version-history":[{"count":0,"href":"https:\/\/migracao.redenoticia.com.br\/noticia\/wp-json\/wp\/v2\/posts\/147453\/revisions"}],"wp:featuredmedia":[{"embeddable":true,"href":"https:\/\/migracao.redenoticia.com.br\/noticia\/wp-json\/wp\/v2\/media\/146653"}],"wp:attachment":[{"href":"https:\/\/migracao.redenoticia.com.br\/noticia\/wp-json\/wp\/v2\/media?parent=147453"}],"wp:term":[{"taxonomy":"category","embeddable":true,"href":"https:\/\/migracao.redenoticia.com.br\/noticia\/wp-json\/wp\/v2\/categories?post=147453"},{"taxonomy":"post_tag","embeddable":true,"href":"https:\/\/migracao.redenoticia.com.br\/noticia\/wp-json\/wp\/v2\/tags?post=147453"}],"curies":[{"name":"wp","href":"https:\/\/api.w.org\/{rel}","templated":true}]}}