{"id":147495,"date":"2018-08-01T00:35:53","date_gmt":"2018-08-01T03:35:53","guid":{"rendered":"https:\/\/www.redenoticia.com.br\/noticia\/?p=147495"},"modified":"2018-08-06T17:47:45","modified_gmt":"2018-08-06T20:47:45","slug":"novela-bicho-do-mato-resumo-02-08-cecilia-teme-ser-condenada","status":"publish","type":"post","link":"https:\/\/migracao.redenoticia.com.br\/noticia\/2018\/novela-bicho-do-mato-resumo-02-08-cecilia-teme-ser-condenada\/147495","title":{"rendered":"Novela \u201cBicho do Mato\u201d resumo 02\/08: Francisca e Geraldo retomam o noivado"},"content":{"rendered":"<p> <img loading=\"lazy\" decoding=\"async\" class=\"alignleft size-thumbnail wp-image-119859\" src=\"https:\/\/migracao.redenoticia.com.br\/noticia\/imagens\/bicho_do_mato_novela_record_resumo-150x112.jpg\" alt=\"\" width=\"150\" height=\"112\" srcset=\"https:\/\/migracao.redenoticia.com.br\/noticia\/imagens\/bicho_do_mato_novela_record_resumo-150x112.jpg 150w, https:\/\/migracao.redenoticia.com.br\/noticia\/imagens\/bicho_do_mato_novela_record_resumo-265x198.jpg 265w\" sizes=\"auto, (max-width: 150px) 100vw, 150px\" \/><strong><em>Novela \u201cBicho do Mato\u201d resumo 02\/08<\/em><\/strong>: no capitulo 242 (*) da novela \u201cBicho do Mato\u201d, quinta-feira, 02 de agosto, Mesquita conversa e beija Laura. Frederica decide dividir com Vanda os bens deixados por Ramalho. Em\u00edlio vai embora da casa de Silvia ap\u00f3s terminar o namoro. M\u00e1rcia revela a Iru que est\u00e1 gr\u00e1vida. Juba precisa lidar com revela\u00e7\u00f5es sobre o passado. Alzira e Mariano ficam juntos, e Francisca e Geraldo retomam o noivado.<\/p>\n<p>(*) edi\u00e7\u00e3o da Rede Record, Novela \u201cBicho do Mato\u201d, sujeito a altera\u00e7\u00e3o de data e conte\u00fado.<\/p>\n<p>Em \u201cBicho do Mato\u201d, Juba (Andr\u00e9 Bankoff) foi criado desde pequeno apenas pelo pai, Fernando (Jairo Mattos), na Fazenda Boa Esperan\u00e7a, localizada no centro do Pantanal, vivendo harmoniosamente junto \u00e0 natureza e \u00e0 aldeia ind\u00edgena dos Guapor\u00e1 \u2013 tribo da qual descende Ir\u00fa (Raphael Viana), seu melhor amigo, e Tini\u00e1 (Tha\u00eds Fersoza), que \u00e9 apaixonada por ele. Quem ajudou a cuidar dele foi Francisca (Angelina Muniz), cozinheira que sempre teve o rapaz como um filho e que est\u00e1 dividida entre o amor de Geraldo (S\u00e9rgio Reis) e Mariano (Almir Sater), pe\u00f5es da fazenda que a disputam a todo momento.<\/p>\n<p>A m\u00e3e do rapaz, Laura (Bia Seidl), o abandonou aos seis anos para morar na cidade do Rio de Janeiro e se casar com o ganancioso e inescrupuloso Ramalho (Jonas Bloch), que manda matar Fernando, visando usurpar as terras da fazenda e dos \u00edndios para explorar de uma mina de diamantes descoberta por ele. Paralelamente Juba conhece Cec\u00edlia (Renata Dominguez), uma jovem m\u00e9dica que est\u00e1 visitando o Pantanal e vive um fulminante romance com ele.<\/p>\n","protected":false},"excerpt":{"rendered":"<p>Novela \u201cBicho do Mato\u201d resumo 02\/08: no capitulo 242 (*) da novela \u201cBicho do Mato\u201d, quinta-feira, 02 de agosto, Mesquita conversa e beija Laura. Frederica decide dividir com Vanda os bens deixados por Ramalho. Em\u00edlio vai embora da casa de Silvia ap\u00f3s terminar o namoro. M\u00e1rcia revela a Iru que est\u00e1 gr\u00e1vida. Juba precisa lidar [&hellip;]<\/p>\n","protected":false},"author":2,"featured_media":119859,"comment_status":"open","ping_status":"closed","sticky":false,"template":"","format":"standard","meta":{"tdm_status":"","tdm_grid_status":"","footnotes":""},"categories":[379,371,343],"tags":[441],"class_list":{"0":"post-147495","1":"post","2":"type-post","3":"status-publish","4":"format-standard","5":"has-post-thumbnail","7":"category-novelas","8":"category-rede-record","9":"category-televisao","10":"tag-resumo-do-dia"},"_links":{"self":[{"href":"https:\/\/migracao.redenoticia.com.br\/noticia\/wp-json\/wp\/v2\/posts\/147495","targetHints":{"allow":["GET"]}}],"collection":[{"href":"https:\/\/migracao.redenoticia.com.br\/noticia\/wp-json\/wp\/v2\/posts"}],"about":[{"href":"https:\/\/migracao.redenoticia.com.br\/noticia\/wp-json\/wp\/v2\/types\/post"}],"author":[{"embeddable":true,"href":"https:\/\/migracao.redenoticia.com.br\/noticia\/wp-json\/wp\/v2\/users\/2"}],"replies":[{"embeddable":true,"href":"https:\/\/migracao.redenoticia.com.br\/noticia\/wp-json\/wp\/v2\/comments?post=147495"}],"version-history":[{"count":0,"href":"https:\/\/migracao.redenoticia.com.br\/noticia\/wp-json\/wp\/v2\/posts\/147495\/revisions"}],"wp:featuredmedia":[{"embeddable":true,"href":"https:\/\/migracao.redenoticia.com.br\/noticia\/wp-json\/wp\/v2\/media\/119859"}],"wp:attachment":[{"href":"https:\/\/migracao.redenoticia.com.br\/noticia\/wp-json\/wp\/v2\/media?parent=147495"}],"wp:term":[{"taxonomy":"category","embeddable":true,"href":"https:\/\/migracao.redenoticia.com.br\/noticia\/wp-json\/wp\/v2\/categories?post=147495"},{"taxonomy":"post_tag","embeddable":true,"href":"https:\/\/migracao.redenoticia.com.br\/noticia\/wp-json\/wp\/v2\/tags?post=147495"}],"curies":[{"name":"wp","href":"https:\/\/api.w.org\/{rel}","templated":true}]}}