{"id":1475,"date":"2009-05-09T23:33:54","date_gmt":"2009-05-10T03:33:54","guid":{"rendered":"http:\/\/www.redenoticia.com.br\/noticia\/?p=1475"},"modified":"2009-05-09T20:35:28","modified_gmt":"2009-05-10T00:35:28","slug":"rondonia-tem-12-novos-leitos-para-isolamento","status":"publish","type":"post","link":"https:\/\/migracao.redenoticia.com.br\/noticia\/2009\/rondonia-tem-12-novos-leitos-para-isolamento\/1475","title":{"rendered":"Rond\u00f4nia tem 12 novos leitos para isolamento"},"content":{"rendered":"<p><span style=\"font-family: Arial;\">O Centro de Medicina Tropical de Rond\u00f4nia (Cemetron) agora possui um setor de isolamento para doen\u00e7as contagiosas, que foi inaugurado na manh\u00e3 desta sexta-feira (08) pelo governador Ivo Cassol. O local tem 12 leitos e atender\u00e1 pacientes que precisam estar em isolamento. Ainda foram entregues mais 03 leitos de Unidade de Terapia Intensiva (UTIs), somando 12 existentes no Cemetron. <\/span><\/p>\n<p><span style=\"font-family: Arial;\">Durante a cerim\u00f4nia de inaugura\u00e7\u00e3o, o secret\u00e1rio de Estado da sa\u00fade, Milton Moreira, destacou a import\u00e2ncia dessa nova ala no momento em que o mundo<br \/>\nest\u00e1 em alerta com o v\u00edrus influenza tipo A. \u201cJ\u00e1 foram confirmados quatro casos de \u2018gripe su\u00edna\u2019 no Brasil e todo cuidado \u00e9 pouco, assim, com essa nova ala de isolamento, n\u00f3s estamos preparados para enfrentar uma pandemia.<\/span><\/p>\n<p><strong><span style=\"font-family: Arial;\">Novo setor de Isolamento<\/span><\/strong><span style=\"font-family: Arial;\"> <\/span><\/p>\n<p><span style=\"font-family: Arial;\">O novo setor de isolamento atender\u00e1 pacientes com doen\u00e7as altamente contagiosas. O local possui um equipamento que mant\u00e9m a press\u00e3o do ar, na parte interna diferente da parte externa do isolamento. Esse fator impossibilita a troca de ar entre o setor e outras alas da unidade. A troca do ar do isolamento \u00e9 feita por filtros espec\u00edficos para o setor. S\u00e3o equipamentos especializados e seguem as determina\u00e7\u00f5es do Minist\u00e9rio da Sa\u00fade (MS).<\/span><\/p>\n<p><span style=\"font-family: Arial;\">A ala de isolamento conta com equipamentos como: autoclaves, bombas de infus\u00e3o volum\u00e9trica, aspiradores el\u00e9tricos cir\u00fargicos, oximetro digital e monitores multipar\u00e2metro. O centro ainda oferece todos os acess\u00f3rios hospitalares e os instrumentais cir\u00fargico-m\u00e9dicos necess\u00e1rios. <\/span><\/p>\n<p><span class=\"textonegrito101\"><span style=\"font-size: 12pt; font-family: Arial; color: windowtext;\">Fonte: <\/span><\/span><span class=\"textoentrerodape1\"><span style=\"font-size: 12pt; font-family: Arial; color: windowtext;\">DECOM &#8211; Departamento de Comunica\u00e7\u00e3o Social<\/span><\/span><\/p>\n","protected":false},"excerpt":{"rendered":"<p>O Centro de Medicina Tropical de Rond\u00f4nia (Cemetron) agora possui um setor de isolamento para doen\u00e7as contagiosas, que foi inaugurado na manh\u00e3 desta sexta-feira (08) pelo governador Ivo Cassol. O local tem 12 leitos e atender\u00e1 pacientes que precisam estar em isolamento. Ainda foram entregues mais 03 leitos de Unidade de Terapia Intensiva (UTIs), somando [&hellip;]<\/p>\n","protected":false},"author":3,"featured_media":0,"comment_status":"open","ping_status":"open","sticky":false,"template":"","format":"standard","meta":{"tdm_status":"","tdm_grid_status":"","footnotes":""},"categories":[5],"tags":[],"class_list":{"0":"post-1475","1":"post","2":"type-post","3":"status-publish","4":"format-standard","6":"category-saude-e-vida"},"_links":{"self":[{"href":"https:\/\/migracao.redenoticia.com.br\/noticia\/wp-json\/wp\/v2\/posts\/1475","targetHints":{"allow":["GET"]}}],"collection":[{"href":"https:\/\/migracao.redenoticia.com.br\/noticia\/wp-json\/wp\/v2\/posts"}],"about":[{"href":"https:\/\/migracao.redenoticia.com.br\/noticia\/wp-json\/wp\/v2\/types\/post"}],"author":[{"embeddable":true,"href":"https:\/\/migracao.redenoticia.com.br\/noticia\/wp-json\/wp\/v2\/users\/3"}],"replies":[{"embeddable":true,"href":"https:\/\/migracao.redenoticia.com.br\/noticia\/wp-json\/wp\/v2\/comments?post=1475"}],"version-history":[{"count":0,"href":"https:\/\/migracao.redenoticia.com.br\/noticia\/wp-json\/wp\/v2\/posts\/1475\/revisions"}],"wp:attachment":[{"href":"https:\/\/migracao.redenoticia.com.br\/noticia\/wp-json\/wp\/v2\/media?parent=1475"}],"wp:term":[{"taxonomy":"category","embeddable":true,"href":"https:\/\/migracao.redenoticia.com.br\/noticia\/wp-json\/wp\/v2\/categories?post=1475"},{"taxonomy":"post_tag","embeddable":true,"href":"https:\/\/migracao.redenoticia.com.br\/noticia\/wp-json\/wp\/v2\/tags?post=1475"}],"curies":[{"name":"wp","href":"https:\/\/api.w.org\/{rel}","templated":true}]}}