{"id":147526,"date":"2018-08-01T15:05:08","date_gmt":"2018-08-01T18:05:08","guid":{"rendered":"https:\/\/www.redenoticia.com.br\/noticia\/?p=147526"},"modified":"2018-08-06T17:51:03","modified_gmt":"2018-08-06T20:51:03","slug":"resumo-novela-coracao-indomavel-02-08-maricruz-e-assaltada-e-ferida","status":"publish","type":"post","link":"https:\/\/migracao.redenoticia.com.br\/noticia\/2018\/resumo-novela-coracao-indomavel-02-08-maricruz-e-assaltada-e-ferida\/147526","title":{"rendered":"Resumo novela \u201cCora\u00e7\u00e3o Indom\u00e1vel\u201d 02\/08: Maricruz \u00e9 assaltada e ferida"},"content":{"rendered":"<p><img loading=\"lazy\" decoding=\"async\" src=\"https:\/\/migracao.redenoticia.com.br\/noticia\/imagens\/coracao_indomavel_sbt_novela_resumo-150x112.jpg\" alt=\"\" width=\"150\" height=\"112\" class=\"alignleft size-thumbnail wp-image-66161\" srcset=\"https:\/\/migracao.redenoticia.com.br\/noticia\/imagens\/coracao_indomavel_sbt_novela_resumo-150x112.jpg 150w, https:\/\/migracao.redenoticia.com.br\/noticia\/imagens\/coracao_indomavel_sbt_novela_resumo-265x198.jpg 265w\" sizes=\"auto, (max-width: 150px) 100vw, 150px\" \/><strong><em>Resumo novela \u201cCora\u00e7\u00e3o Indom\u00e1vel\u201d 02\/08 <\/em><\/strong>: no cap\u00edtulo 144(*) da novela \u201cCora\u00e7\u00e3o Indom\u00e1vel\u201d, quinta-feira, 02 de agosto, Doris diz a Ot\u00e1vio que Maricruz lhe contou que j\u00e1 n\u00e3o se interessa mais por ele. Maricruz diz a Alvaro o que Liz revelou a respeito de Elsa. Joaninha visita Clementina e diz que Ot\u00e1vio a est\u00e1 procurando. Por telefone, Joaninha conta a Ot\u00e1vio que Maricruz est\u00e1 na casa de Alvaro. Pelo mal entendido com Elsa, Maricruz decide deixar de trabalhar na casa de Alvaro. Maricruz diz a Alvaro que est\u00e1 muito agradecida pela ajuda que ele a ofereceu, mas se faz necess\u00e1rio que ela deixe o trabalho o quanto antes. Maricruz se despede de Elsa e ela a pede que n\u00e3o volte \u00e0 sua casa nunca mais. <\/p>\n<p>Ot\u00e1vio chega \u00e0 casa de Alvaro procurando Maricruz. Doris chega ao apartamento de Ot\u00e1vio, o porteiro diz que Ot\u00e1vio saiu. Alvaro diz a Ot\u00e1vio que Maricruz deixou a casa. Ot\u00e1vio segue buscando o paradeiro de Maricruz e Lupita. Maricruz volta a casa de Clementina. Alvaro garante a Ot\u00e1vio que ele sempre foi o \u00fanico amor de Maricruz. Maricruz diz a Joaninha que conseguiu trabalho na casa de Clementina, e que a pr\u00f3pria mesmo vai cuidar de Lupita enquanto ela trabalhar. Maricruz consegue trabalho em uma cantina. <\/p>\n<p>Ot\u00e1vio diz a Eduardo que contratar\u00e1 um detetive para que encontre Maricruz. Na casa de Clementina, Mercedes v\u00ea Lupita e pensa que ela \u00e9 a filha de Afonso. Celia pergunta a Clementina se Lupita \u00e9 filha de Afonso. Antonia oferece carona a Maricruz para lev\u00e1-la de volta a sua casa depois do trabalho, pois a rua \u00e9 muito perigosa. Maricruz n\u00e3o aceita e diz que mora muito perto do local de trabalho. Voltando para casa, Maricruz \u00e9 assaltada e ferida. Ap\u00f3s o ataque ela cai no ch\u00e3o sem os sentidos. Ot\u00e1vio v\u00ea uma not\u00edcia sobre Maricruz.<\/p>\n<p>(*) edi\u00e7\u00e3o do SBT, Novela \u201cCora\u00e7\u00e3o Indom\u00e1vel\u201d, sujeito a altera\u00e7\u00e3o de data e conte\u00fado.<\/p>\n<p>Sinopse &#8211; Maria Alessandra Mendon\u00e7a Olivares, mais conhecida como Maricruz Olivares (Ana Brenda Contreras) vive com Ramiro (Ignacio L\u00f3pez Tarso), seu av\u00f4 materno, e com Soledad (Gaby Mellado), sua irm\u00e3 adotiva, que \u00e9 surda-muda e que foi abandonada quando pequena. Sua casa \u00e9 uma cabana situada em plena natureza, aos arredores da fazenda Narv\u00e1ez.  Miguel (Ren\u00e9 Strickler) e Ot\u00e1vio (Daniel Arenas) s\u00e3o irm\u00e3os e donos da fazenda Narv\u00e1ez, que est\u00e1 hipotecada pela m\u00e1 administra\u00e7\u00e3o de Miguel, o irm\u00e3o mais velho. Ot\u00e1vio \u00e9 piloto e chega \u00e0 fazenda necessitado de dinheiro pois ficou sem trabalho e quer que as terras sejam vendidas, mas sem imaginar, logo vai esquecendo esse objetivo, pois descobre que a terra, a planta\u00e7\u00e3o e o trato com os trabalhadores, s\u00e3o motivo de paix\u00e3o para ele. <\/p>\n","protected":false},"excerpt":{"rendered":"<p>Resumo novela \u201cCora\u00e7\u00e3o Indom\u00e1vel\u201d 02\/08 : no cap\u00edtulo 144(*) da novela \u201cCora\u00e7\u00e3o Indom\u00e1vel\u201d, quinta-feira, 02 de agosto, Doris diz a Ot\u00e1vio que Maricruz lhe contou que j\u00e1 n\u00e3o se interessa mais por ele. Maricruz diz a Alvaro o que Liz revelou a respeito de Elsa. Joaninha visita Clementina e diz que Ot\u00e1vio a est\u00e1 procurando. [&hellip;]<\/p>\n","protected":false},"author":4,"featured_media":66161,"comment_status":"open","ping_status":"closed","sticky":false,"template":"","format":"standard","meta":{"tdm_status":"","tdm_grid_status":"","footnotes":""},"categories":[379,372,343],"tags":[441],"class_list":{"0":"post-147526","1":"post","2":"type-post","3":"status-publish","4":"format-standard","5":"has-post-thumbnail","7":"category-novelas","8":"category-sbt","9":"category-televisao","10":"tag-resumo-do-dia"},"_links":{"self":[{"href":"https:\/\/migracao.redenoticia.com.br\/noticia\/wp-json\/wp\/v2\/posts\/147526","targetHints":{"allow":["GET"]}}],"collection":[{"href":"https:\/\/migracao.redenoticia.com.br\/noticia\/wp-json\/wp\/v2\/posts"}],"about":[{"href":"https:\/\/migracao.redenoticia.com.br\/noticia\/wp-json\/wp\/v2\/types\/post"}],"author":[{"embeddable":true,"href":"https:\/\/migracao.redenoticia.com.br\/noticia\/wp-json\/wp\/v2\/users\/4"}],"replies":[{"embeddable":true,"href":"https:\/\/migracao.redenoticia.com.br\/noticia\/wp-json\/wp\/v2\/comments?post=147526"}],"version-history":[{"count":0,"href":"https:\/\/migracao.redenoticia.com.br\/noticia\/wp-json\/wp\/v2\/posts\/147526\/revisions"}],"wp:featuredmedia":[{"embeddable":true,"href":"https:\/\/migracao.redenoticia.com.br\/noticia\/wp-json\/wp\/v2\/media\/66161"}],"wp:attachment":[{"href":"https:\/\/migracao.redenoticia.com.br\/noticia\/wp-json\/wp\/v2\/media?parent=147526"}],"wp:term":[{"taxonomy":"category","embeddable":true,"href":"https:\/\/migracao.redenoticia.com.br\/noticia\/wp-json\/wp\/v2\/categories?post=147526"},{"taxonomy":"post_tag","embeddable":true,"href":"https:\/\/migracao.redenoticia.com.br\/noticia\/wp-json\/wp\/v2\/tags?post=147526"}],"curies":[{"name":"wp","href":"https:\/\/api.w.org\/{rel}","templated":true}]}}