{"id":147529,"date":"2018-08-01T15:06:31","date_gmt":"2018-08-01T18:06:31","guid":{"rendered":"https:\/\/www.redenoticia.com.br\/noticia\/?p=147529"},"modified":"2018-08-06T17:51:01","modified_gmt":"2018-08-06T20:51:01","slug":"resumo-novela-que-pobres-tao-ricos-02-08-a-familia-mendonca-abriga-os-ruizpalacios","status":"publish","type":"post","link":"https:\/\/migracao.redenoticia.com.br\/noticia\/2018\/resumo-novela-que-pobres-tao-ricos-02-08-a-familia-mendonca-abriga-os-ruizpalacios\/147529","title":{"rendered":"Resumo novela \u201cQue Pobres T\u00e3o Ricos\u201d 02\/08: fam\u00edlia Mendon\u00e7a abriga os Ruizpal\u00e1cios"},"content":{"rendered":"<p><img loading=\"lazy\" decoding=\"async\" src=\"https:\/\/migracao.redenoticia.com.br\/noticia\/imagens\/que-pobres-tao-ricos-novela-resumo-sbt-150x112.jpg\" alt=\"\" width=\"150\" height=\"112\" class=\"alignleft size-thumbnail wp-image-146219\" srcset=\"https:\/\/migracao.redenoticia.com.br\/noticia\/imagens\/que-pobres-tao-ricos-novela-resumo-sbt-150x112.jpg 150w, https:\/\/migracao.redenoticia.com.br\/noticia\/imagens\/que-pobres-tao-ricos-novela-resumo-sbt-265x198.jpg 265w\" sizes=\"auto, (max-width: 150px) 100vw, 150px\" \/><strong><em>Resumo novela \u201cQue Pobres T\u00e3o Ricos\u201d 02\/08 <\/em><\/strong>: no cap\u00edtulo 009(*) da novela \u201cQue Pobres T\u00e3o Ricos\u201d, resumo de quinta-feira, 02 de agosto, Alex, furioso, com o fato de Miguel n\u00e3o ter sido preso, convoca outra reuni\u00e3o para reivindicar a presid\u00eancia da empresa. Os acionistas pedem a ele que seja discreto em rela\u00e7\u00e3o \u00e0 fraude atribu\u00edda a Miguel \u00c2ngelo e que n\u00e3o se esque\u00e7a da \u00faltima cl\u00e1usula do testamento de Aureliano \u2013 sobre seu primeiro neto que tiver casado e com um filho homem. Vilma aconselha Alex a casar-se logo e ter um filho. <\/p>\n<p>Nepomuceno apresenta o filho para os amigos e depois v\u00e3o para um restaurante comemorar. Durante a comemora\u00e7\u00e3o, Lupita \u00e9 pedida em namoro novamente e pede um tempo para pensar. Enquanto isso, Miguel, Frida, Leonardo e Ana Sofia colocam suas coisas no interior da casa dos Mendon\u00e7a. Quando a fam\u00edlia volta para casa leva um susto achando que foram assaltados, mas logo se deparam com os Ruizpal\u00e1cios que os esperam para uma conversa. Jesus consente em guardar os pertences em sua casa, durante um tempo. Miguel tenta levar a fam\u00edlia para um hotel, mas o carro quebra e s\u00e3o obrigados a pedir abrigo para a fam\u00edlia Mendon\u00e7a. <\/p>\n<p>Jesus acomoda os visitantes e Leonardo se sente incomodado por dormir num lugar t\u00e3o simples. Ana Sofia est\u00e1 completamente b\u00eabada, mas exige que seu c\u00e3ozinho fique perto dela. Junto com os irm\u00e3os, Lupita pede que Jesus pense no que est\u00e1 fazendo, porque n\u00e3o acreditam que seus novos h\u00f3spedes sejam pobres. Miguel \u00c2ngelo fica preocupado com a situa\u00e7\u00e3o de sua fam\u00edlia e arrasado com o abandono de Minerva.<\/p>\n<p>(*) edi\u00e7\u00e3o do SBT, Novela \u201cQue Pobres T\u00e3o Ricos\u201d, sujeito a altera\u00e7\u00e3o de data e conte\u00fado.<\/p>\n<p>\u201cQue Pobres T\u00e3o Ricos\u201d \u00e9 uma hist\u00f3ria de amor, romance, encontros e desencontros e um sem n\u00famero de divertidos enredos entre duas fam\u00edlias que n\u00e3o tem nada em comum, mas que agora estar\u00e3o obrigadas a conviver na mesma casa. De um lado, os Ruizpalacios, milion\u00e1rios de linhagem, e do outro, os Menchaca, uma cl\u00e1ssica fam\u00edlia de bairro.<\/p>\n<p>Todo come\u00e7ou diante da incapacidade da av\u00f3 Mati Ruizpalacios, de seguir em frente da empresa familiar. E \u00e9 assim que Miguel \u00c2ngelo, seu neto consentido, que leva 11 anos vivendo em Londres, retorna ao M\u00e9xico para a leitura de uma cl\u00e1usula do testamento do seu av\u00f4 Don Aureliano, que dita: &#8220;Herdar\u00e1 o cons\u00f3rcio o primeiro de meus netos que esteja formalmente casado e tenha um filho var\u00e3o&#8221;.<\/p>\n<p>\u00c9 ent\u00e3o que, sem pretender, Miguel \u00c2ngelo ter\u00e1 em seu primo Alejo, um ambicioso inimigo que o envolver\u00e1 em uma fraude, e assim provocar\u00e1 que Miguel \u00c2ngelo e sua fam\u00edlia percam sua fortuna, al\u00e9m de todas suas propriedades, ficando s\u00f3 com um terreno na col\u00f4nia La Nopalera, onde, para sua surpresa, hoje vivem os Menchaca.<\/p>\n","protected":false},"excerpt":{"rendered":"<p>Resumo novela \u201cQue Pobres T\u00e3o Ricos\u201d 02\/08 : no cap\u00edtulo 009(*) da novela \u201cQue Pobres T\u00e3o Ricos\u201d, resumo de quinta-feira, 02 de agosto, Alex, furioso, com o fato de Miguel n\u00e3o ter sido preso, convoca outra reuni\u00e3o para reivindicar a presid\u00eancia da empresa. Os acionistas pedem a ele que seja discreto em rela\u00e7\u00e3o \u00e0 fraude [&hellip;]<\/p>\n","protected":false},"author":4,"featured_media":0,"comment_status":"open","ping_status":"closed","sticky":false,"template":"","format":"standard","meta":{"tdm_status":"","tdm_grid_status":"","footnotes":""},"categories":[379,372,343],"tags":[441],"class_list":{"0":"post-147529","1":"post","2":"type-post","3":"status-publish","4":"format-standard","6":"category-novelas","7":"category-sbt","8":"category-televisao","9":"tag-resumo-do-dia"},"_links":{"self":[{"href":"https:\/\/migracao.redenoticia.com.br\/noticia\/wp-json\/wp\/v2\/posts\/147529","targetHints":{"allow":["GET"]}}],"collection":[{"href":"https:\/\/migracao.redenoticia.com.br\/noticia\/wp-json\/wp\/v2\/posts"}],"about":[{"href":"https:\/\/migracao.redenoticia.com.br\/noticia\/wp-json\/wp\/v2\/types\/post"}],"author":[{"embeddable":true,"href":"https:\/\/migracao.redenoticia.com.br\/noticia\/wp-json\/wp\/v2\/users\/4"}],"replies":[{"embeddable":true,"href":"https:\/\/migracao.redenoticia.com.br\/noticia\/wp-json\/wp\/v2\/comments?post=147529"}],"version-history":[{"count":0,"href":"https:\/\/migracao.redenoticia.com.br\/noticia\/wp-json\/wp\/v2\/posts\/147529\/revisions"}],"wp:attachment":[{"href":"https:\/\/migracao.redenoticia.com.br\/noticia\/wp-json\/wp\/v2\/media?parent=147529"}],"wp:term":[{"taxonomy":"category","embeddable":true,"href":"https:\/\/migracao.redenoticia.com.br\/noticia\/wp-json\/wp\/v2\/categories?post=147529"},{"taxonomy":"post_tag","embeddable":true,"href":"https:\/\/migracao.redenoticia.com.br\/noticia\/wp-json\/wp\/v2\/tags?post=147529"}],"curies":[{"name":"wp","href":"https:\/\/api.w.org\/{rel}","templated":true}]}}