{"id":147533,"date":"2018-08-01T15:08:20","date_gmt":"2018-08-01T18:08:20","guid":{"rendered":"https:\/\/www.redenoticia.com.br\/noticia\/?p=147533"},"modified":"2018-08-06T17:50:58","modified_gmt":"2018-08-06T20:50:58","slug":"resumo-novela-amanha-e-para-sempre-02-08-artemio-e-gonzalo-se-encontram","status":"publish","type":"post","link":"https:\/\/migracao.redenoticia.com.br\/noticia\/2018\/resumo-novela-amanha-e-para-sempre-02-08-artemio-e-gonzalo-se-encontram\/147533","title":{"rendered":"Resumo novela \u201cAmanh\u00e3 \u00e9 para sempre\u201d 02\/08: Art\u00eamio e Gonzalo se encontram"},"content":{"rendered":"<p><img loading=\"lazy\" decoding=\"async\" class=\"alignleft size-thumbnail wp-image-134147\" src=\"https:\/\/migracao.redenoticia.com.br\/noticia\/imagens\/amanha-e-para-sempre-sbt-novela-resumo-150x112.jpg\" alt=\"\" width=\"150\" height=\"112\" srcset=\"https:\/\/migracao.redenoticia.com.br\/noticia\/imagens\/amanha-e-para-sempre-sbt-novela-resumo-150x112.jpg 150w, https:\/\/migracao.redenoticia.com.br\/noticia\/imagens\/amanha-e-para-sempre-sbt-novela-resumo-265x198.jpg 265w\" sizes=\"auto, (max-width: 150px) 100vw, 150px\" \/><strong><em>Resumo novela \u201cAmanh\u00e3 \u00e9 para sempre\u201d 02\/08 <\/em><\/strong>: no cap\u00edtulo 118(*) da novela \u201cAmanh\u00e3 \u00e9 para sempre\u201d, resumo de quinta-feira, 02 de agosto, Art\u00eamio Bravo vai at\u00e9 o hospital dizer a Gon\u00e7alo que \u00e9 seu meio-irm\u00e3o. Ele revela que, pelo di\u00e1rio de sua m\u00e3e, descobriu que ela era muito jovem quando foi seduzida pelo patr\u00e3o, engravidou e foi abandonada por ele. Por isso, ele e a m\u00e3e tiveram que viver na pobreza. Art\u00eamio diz a Gon\u00e7alo que Liliana nunca esteve louca e disse a verdade quando acusou B\u00e1rbara de ter assassinado sua m\u00e3e. Art\u00eamio assegura que desde que B\u00e1rbara chegou em sua vida se dedicou a fazer dela toda uma mentira, a tirou do reformat\u00f3rio depois de queimar seus pais e que fez dela sua mulher. Art\u00eamio diz que B\u00e1rbara Greco \u00e9 sua aliada, e afirma que ela assassinou Montserrat. Art\u00eamio revela que o verdadeiro nome de B\u00e1rbara \u00e9 Rebeca Sanchez. Gon\u00e7alo entra em choque. Diante da perplexidade de Gon\u00e7alo, ele ainda diz que Aurora \u00e9 filha dos dois e e av\u00f4 do filho que ela ter\u00e1 com Santiago. Art\u00eamio revela que o verdadeiro nome de Franco Santoro \u00e9 Eduardo Juarez.<\/p>\n<p>(*) edi\u00e7\u00e3o do SBT, Novela \u201cAmanh\u00e3 \u00e9 para sempre\u201d, sujeito a altera\u00e7\u00e3o de data e conte\u00fado.<\/p>\n<p>Fernanda \u00e9 a filha ca\u00e7ula do fazendeiro Gonzalo Elizalde, dono de uma grande companhia leiteira, e Eduardo \u00e9 filho de Soledad, a governanta da fam\u00edlia Elizalde. As duas crian\u00e7as t\u00eam crescido juntas e unidas por um amor inocente e justo, apesar da diferen\u00e7a de classes sociais.<\/p>\n<p>Gonzalo vive feliz com sua esposa Montserrat e seus cinco filhos, sem suspeitar que um inimigo implac\u00e1vel acerca aos seus. Artemio Bravo sente um \u00f3dio intenso e amargo de Gonzalo, que tem corro\u00eddo sua mente e, sua \u00fanica meta \u00e9 destruir, lenta e dolorosamente, toda a fam\u00edlia Elizalde. Para isso, Artemio utiliza uma jovem sem escr\u00fapulos que chega a empresa de Gonzalo com o nome de Rebeca S\u00e1nchez, que, posteriormente, muda sua identidade para B\u00e1rbara Greco. Sua intelig\u00eancia causa boa impress\u00e3o em Gonzalo, que a contrata como sua assistente pessoal. Pouco a pouco, e com muita ast\u00facia, B\u00e1rbara obt\u00e9m total confian\u00e7a.<\/p>\n<p>As primeiras v\u00edtimas de B\u00e1rbara s\u00e3o Eduardo e Fernanda, que os descobre beijando-se. Muito sutil e venenosa, B\u00e1rbara convence Montserrat de que Eduardo pode ser um perigo para a menina e o garoto \u00e9 enviado para um internato na cidade. As cartas dos meninos chegam \u00e0s m\u00e3os de Soledad e ela, com muita dor, decide n\u00e3o entreg\u00e1-las a eles. Isso faz com que Fernanda se sinta esquecida por Eduardo.<\/p>\n","protected":false},"excerpt":{"rendered":"<p>Resumo novela \u201cAmanh\u00e3 \u00e9 para sempre\u201d 02\/08 : no cap\u00edtulo 118(*) da novela \u201cAmanh\u00e3 \u00e9 para sempre\u201d, resumo de quinta-feira, 02 de agosto, Art\u00eamio Bravo vai at\u00e9 o hospital dizer a Gon\u00e7alo que \u00e9 seu meio-irm\u00e3o. Ele revela que, pelo di\u00e1rio de sua m\u00e3e, descobriu que ela era muito jovem quando foi seduzida pelo patr\u00e3o, [&hellip;]<\/p>\n","protected":false},"author":4,"featured_media":134147,"comment_status":"open","ping_status":"closed","sticky":false,"template":"","format":"standard","meta":{"tdm_status":"","tdm_grid_status":"","footnotes":""},"categories":[379,372,343],"tags":[441],"class_list":{"0":"post-147533","1":"post","2":"type-post","3":"status-publish","4":"format-standard","5":"has-post-thumbnail","7":"category-novelas","8":"category-sbt","9":"category-televisao","10":"tag-resumo-do-dia"},"_links":{"self":[{"href":"https:\/\/migracao.redenoticia.com.br\/noticia\/wp-json\/wp\/v2\/posts\/147533","targetHints":{"allow":["GET"]}}],"collection":[{"href":"https:\/\/migracao.redenoticia.com.br\/noticia\/wp-json\/wp\/v2\/posts"}],"about":[{"href":"https:\/\/migracao.redenoticia.com.br\/noticia\/wp-json\/wp\/v2\/types\/post"}],"author":[{"embeddable":true,"href":"https:\/\/migracao.redenoticia.com.br\/noticia\/wp-json\/wp\/v2\/users\/4"}],"replies":[{"embeddable":true,"href":"https:\/\/migracao.redenoticia.com.br\/noticia\/wp-json\/wp\/v2\/comments?post=147533"}],"version-history":[{"count":0,"href":"https:\/\/migracao.redenoticia.com.br\/noticia\/wp-json\/wp\/v2\/posts\/147533\/revisions"}],"wp:featuredmedia":[{"embeddable":true,"href":"https:\/\/migracao.redenoticia.com.br\/noticia\/wp-json\/wp\/v2\/media\/134147"}],"wp:attachment":[{"href":"https:\/\/migracao.redenoticia.com.br\/noticia\/wp-json\/wp\/v2\/media?parent=147533"}],"wp:term":[{"taxonomy":"category","embeddable":true,"href":"https:\/\/migracao.redenoticia.com.br\/noticia\/wp-json\/wp\/v2\/categories?post=147533"},{"taxonomy":"post_tag","embeddable":true,"href":"https:\/\/migracao.redenoticia.com.br\/noticia\/wp-json\/wp\/v2\/tags?post=147533"}],"curies":[{"name":"wp","href":"https:\/\/api.w.org\/{rel}","templated":true}]}}