{"id":147543,"date":"2018-08-01T15:13:37","date_gmt":"2018-08-01T18:13:37","guid":{"rendered":"https:\/\/www.redenoticia.com.br\/noticia\/?p=147543"},"modified":"2018-08-06T17:50:46","modified_gmt":"2018-08-06T20:50:46","slug":"resumo-novela-belissima-02-08-safira-e-rebeca-discutem","status":"publish","type":"post","link":"https:\/\/migracao.redenoticia.com.br\/noticia\/2018\/resumo-novela-belissima-02-08-safira-e-rebeca-discutem\/147543","title":{"rendered":"Resumo novela \u201cBel\u00edssima\u201d 02\/08: Safira e Rebeca discutem"},"content":{"rendered":"<p><img loading=\"lazy\" decoding=\"async\" class=\"alignleft size-thumbnail wp-image-143034\" src=\"https:\/\/migracao.redenoticia.com.br\/noticia\/imagens\/belissima-novela-globo-resumo-capitulo-150x112.jpg\" alt=\"\" width=\"150\" height=\"112\" srcset=\"https:\/\/migracao.redenoticia.com.br\/noticia\/imagens\/belissima-novela-globo-resumo-capitulo-150x112.jpg 150w, https:\/\/migracao.redenoticia.com.br\/noticia\/imagens\/belissima-novela-globo-resumo-capitulo-265x198.jpg 265w\" sizes=\"auto, (max-width: 150px) 100vw, 150px\" \/><strong><em>Resumo novela \u201cBel\u00edssima\u201d 02\/08 <\/em><\/strong>: no cap\u00edtulo 040(*) da novela \u201cBel\u00edssima\u201d, resumo de quinta-feira, 02 de agosto, Pascoal se desdobra para agradar Vit\u00f3ria. Mateus mente que cuida de carros de gente rica. Cemil pede que o filho pare de bancar o chofer. Narciso deixa Murat nervoso quando pergunta sobre seu encontro com Bia. J\u00falia tem um novo pesadelo e descobre que havia um homem que testemunhou o acidente. Alberto d\u00e1 um cheque para M\u00f4nica levar Toninho ao m\u00e9dico. Vit\u00f3ria se choca ao saber que a Bel\u00edssima quer desalojar tantos moradores. Toninho \u00e9 atendido e fica bem, tranq\u00fcilizando M\u00f4nica. Murat garante a Narciso que n\u00e3o conhece Bia. Safira e Rebeca discutem. Giovana diz para a m\u00e3e que est\u00e1 morrendo de vergonha dela e pede desculpas a Rebeca. Takae faz uma assembl\u00e9ia com os vizinhos e garante saber um jeito de Murat n\u00e3o vender a casa. Ornela tenta conseguir o endere\u00e7o da oficina de Pascoal, mas Vit\u00f3ria n\u00e3o cai em sua conversa. Alberto vai ver Toninho e pede que M\u00f4nica o perdoe. Edmilson conta para Cemil que M\u00f4nica esteve na f\u00e1brica para falar com Alberto. Nikos briga com ele. Rebeca vai \u00e0 oficina de Pascoal.<\/p>\n<p>(*) edi\u00e7\u00e3o da Rede Globo, Novela \u201cBel\u00edssima\u201d, sujeito a altera\u00e7\u00e3o de data e conte\u00fado.<\/p>\n<p>Simp\u00e1tica, bem-sucedida e discreta, J\u00falia Assump\u00e7\u00e3o \u00e9 presidente da Bel\u00edssima, refer\u00eancia mundial no setor de roupas \u00edntimas. Sua av\u00f3, Bia Falc\u00e3o, a pressiona para se tornar parecida com a m\u00e3e, Stella Assump\u00e7\u00e3o \u2013 que foi uma modelo bastante famosa, mito de beleza na d\u00e9cada de 1960. Fundadora da marca Bel\u00edssima, Stella morreu em um acidente de avi\u00e3o junto com seu marido, deixando \u00f3rf\u00e3os J\u00falia e Pedro. Desde ent\u00e3o, Bia Falc\u00e3o se tornou respons\u00e1vel pelos dois, tendo-os criado. At\u00e9 hoje tenta controlar a vida deles. Em casa, J\u00falia s\u00f3 encontra apoio no tio, Argemiro Falc\u00e3o, vulgo Gigi, e na governanta, Matilde. Bia faz de tudo para J\u00falia se sentir culpada pela morte dos pais.<\/p>\n<p>A vil\u00e3 far\u00e1 de tudo para acabar com os romances de Pedro com Vit\u00f3ria, uma ex- menina de rua que ele escolheu para ser sua esposa, com quem tem uma filha, e Vit\u00f3ria ser\u00e1 perseguida pela vil\u00e3 durante toda a trama, por\u00e9m, sem perder a fibra e a coragem; e de J\u00falia com Andr\u00e9 Santana. Este, apesar de n\u00e3o parecer inicialmente, \u00e9 um grande e terr\u00edvel vil\u00e3o, diab\u00f3lico e ambicioso, que almeja ser dono da Bel\u00edssima em conjunto com seu pai, Aquilino Santana, o seu Quiqui, que aparenta ser um bom velhinho, mas \u00e9, na verdade, um bandido da pior esp\u00e9cie, ex-matador de aluguel. Andr\u00e9 vai se envolver com J\u00falia e com a filha de J\u00falia, \u00c9rica, uma mulher f\u00fatil e perversa como a bisav\u00f3 Bia Falc\u00e3o. \u00c9rica \u00e9 aspirante a modelo.<\/p>\n","protected":false},"excerpt":{"rendered":"<p>Resumo novela \u201cBel\u00edssima\u201d 02\/08 : no cap\u00edtulo 040(*) da novela \u201cBel\u00edssima\u201d, resumo de quinta-feira, 02 de agosto, Pascoal se desdobra para agradar Vit\u00f3ria. Mateus mente que cuida de carros de gente rica. Cemil pede que o filho pare de bancar o chofer. Narciso deixa Murat nervoso quando pergunta sobre seu encontro com Bia. J\u00falia tem [&hellip;]<\/p>\n","protected":false},"author":4,"featured_media":143034,"comment_status":"open","ping_status":"closed","sticky":false,"template":"","format":"standard","meta":{"tdm_status":"","tdm_grid_status":"","footnotes":""},"categories":[485,379,375,343],"tags":[441],"class_list":{"0":"post-147543","1":"post","2":"type-post","3":"status-publish","4":"format-standard","5":"has-post-thumbnail","7":"category-belissima","8":"category-novelas","9":"category-rede-globo","10":"category-televisao","11":"tag-resumo-do-dia"},"_links":{"self":[{"href":"https:\/\/migracao.redenoticia.com.br\/noticia\/wp-json\/wp\/v2\/posts\/147543","targetHints":{"allow":["GET"]}}],"collection":[{"href":"https:\/\/migracao.redenoticia.com.br\/noticia\/wp-json\/wp\/v2\/posts"}],"about":[{"href":"https:\/\/migracao.redenoticia.com.br\/noticia\/wp-json\/wp\/v2\/types\/post"}],"author":[{"embeddable":true,"href":"https:\/\/migracao.redenoticia.com.br\/noticia\/wp-json\/wp\/v2\/users\/4"}],"replies":[{"embeddable":true,"href":"https:\/\/migracao.redenoticia.com.br\/noticia\/wp-json\/wp\/v2\/comments?post=147543"}],"version-history":[{"count":0,"href":"https:\/\/migracao.redenoticia.com.br\/noticia\/wp-json\/wp\/v2\/posts\/147543\/revisions"}],"wp:featuredmedia":[{"embeddable":true,"href":"https:\/\/migracao.redenoticia.com.br\/noticia\/wp-json\/wp\/v2\/media\/143034"}],"wp:attachment":[{"href":"https:\/\/migracao.redenoticia.com.br\/noticia\/wp-json\/wp\/v2\/media?parent=147543"}],"wp:term":[{"taxonomy":"category","embeddable":true,"href":"https:\/\/migracao.redenoticia.com.br\/noticia\/wp-json\/wp\/v2\/categories?post=147543"},{"taxonomy":"post_tag","embeddable":true,"href":"https:\/\/migracao.redenoticia.com.br\/noticia\/wp-json\/wp\/v2\/tags?post=147543"}],"curies":[{"name":"wp","href":"https:\/\/api.w.org\/{rel}","templated":true}]}}