{"id":147549,"date":"2018-08-01T15:17:30","date_gmt":"2018-08-01T18:17:30","guid":{"rendered":"https:\/\/www.redenoticia.com.br\/noticia\/?p=147549"},"modified":"2018-08-06T17:50:31","modified_gmt":"2018-08-06T20:50:31","slug":"resumo-novela-o-tempo-nao-para-02-08-marocas-e-transferida-para-o-quarto","status":"publish","type":"post","link":"https:\/\/migracao.redenoticia.com.br\/noticia\/2018\/resumo-novela-o-tempo-nao-para-02-08-marocas-e-transferida-para-o-quarto\/147549","title":{"rendered":"Resumo novela \u201cO Tempo N\u00e3o Para\u201d 02\/08: Marocas \u00e9 transferida para o quarto"},"content":{"rendered":"<p><img loading=\"lazy\" decoding=\"async\" src=\"https:\/\/migracao.redenoticia.com.br\/noticia\/imagens\/o-tempo-nao-para-novela-resumo-globo-150x112.jpg\" alt=\"\" width=\"150\" height=\"112\" class=\"alignleft size-thumbnail wp-image-146653\" srcset=\"https:\/\/migracao.redenoticia.com.br\/noticia\/imagens\/o-tempo-nao-para-novela-resumo-globo-150x112.jpg 150w, https:\/\/migracao.redenoticia.com.br\/noticia\/imagens\/o-tempo-nao-para-novela-resumo-globo-265x198.jpg 265w\" sizes=\"auto, (max-width: 150px) 100vw, 150px\" \/><strong><em>Resumo novela \u201cO Tempo N\u00e3o Para\u201d 02\/08 <\/em><\/strong>: no cap\u00edtulo 003(*) da novela \u201cO Tempo N\u00e3o Para\u201d, resumo quinta-feira, 02 de agosto, Betina questiona Samuca sobre Marocas. Betina se assusta com Elmo no apartamento de Samuca. Marino encontra joias no fundo no mar. Waleska se preocupa com o sumi\u00e7o de Marocas. Samuca admira Marocas. Waleska descobre, atrav\u00e9s de Elmo, que Marocas est\u00e1 no hospital. Betina tem uma crise de ci\u00fames. Waleska discute com Samuca, que impede a retirada de Marocas do hospital. Lal\u00e1 beija Carmen durante a aula e acaba demitido. Coronela se insinua para um h\u00f3spede. Petra tenta persuadir Samuca a deixar Marocas ser levada para a Criotec. Amadeu desiste de fazer neg\u00f3cio com a Samvita. Petra pensa em como convencer Samuca a investir no estudo sobre os congelados. Bar\u00e3o tenta falar com Eliseu. Em\u00edlio avisa a Mariacarla que eles ir\u00e3o trabalhar para Samuca. Monalisa e Marino decidem procurar o tesouro no fundo do mar. Petra e Mateus tentam entender o mist\u00e9rio que envolve os congelados. Samuca coloca Vanda para trabalhar com Em\u00edlio no caso dos congelados. Paulina \u00e9 demitida depois de derramar vinho na roupa de Samuca. Lal\u00e1 destrata Samuca, que se recusa a empreg\u00e1-lo. Marocas \u00e9 transferida para o quarto.<\/p>\n<p>(*) edi\u00e7\u00e3o da Rede Globo, Novela \u201cO Tempo N\u00e3o Para\u201d, sujeito a altera\u00e7\u00e3o de data e conte\u00fado.<\/p>\n<p>Anos de avan\u00e7os e descobertas que moldaram costumes, h\u00e1bitos e linguagens da sociedade contempor\u00e2nea v\u00e3o gerar um choque em uma abastada fam\u00edlia do s\u00e9culo XIX que desperta no s\u00e9culo XXI. Por 132 anos, os Sabino Machado e seus agregados ficaram congelados, dentro de um bloco de gelo, enquanto a vida l\u00e1 fora passava. Agora, v\u00e3o despertar em uma S\u00e3o Paulo pulsante e turbulenta e se deparar com a sociedade em pleno 2018. &#8220;O Tempo N\u00e3o Para&#8221;, nova novela das 7, \u00e9 escrita por Mario Teixeira e tem dire\u00e7\u00e3o art\u00edstica de Leonardo Nogueira.<\/p>\n","protected":false},"excerpt":{"rendered":"<p>Resumo novela \u201cO Tempo N\u00e3o Para\u201d 02\/08 : no cap\u00edtulo 003(*) da novela \u201cO Tempo N\u00e3o Para\u201d, resumo quinta-feira, 02 de agosto, Betina questiona Samuca sobre Marocas. Betina se assusta com Elmo no apartamento de Samuca. Marino encontra joias no fundo no mar. Waleska se preocupa com o sumi\u00e7o de Marocas. Samuca admira Marocas. Waleska [&hellip;]<\/p>\n","protected":false},"author":4,"featured_media":146653,"comment_status":"open","ping_status":"closed","sticky":false,"template":"","format":"standard","meta":{"tdm_status":"","tdm_grid_status":"","footnotes":""},"categories":[379,490,375,343],"tags":[441],"class_list":{"0":"post-147549","1":"post","2":"type-post","3":"status-publish","4":"format-standard","5":"has-post-thumbnail","7":"category-novelas","8":"category-o-tempo-nao-para","9":"category-rede-globo","10":"category-televisao","11":"tag-resumo-do-dia"},"_links":{"self":[{"href":"https:\/\/migracao.redenoticia.com.br\/noticia\/wp-json\/wp\/v2\/posts\/147549","targetHints":{"allow":["GET"]}}],"collection":[{"href":"https:\/\/migracao.redenoticia.com.br\/noticia\/wp-json\/wp\/v2\/posts"}],"about":[{"href":"https:\/\/migracao.redenoticia.com.br\/noticia\/wp-json\/wp\/v2\/types\/post"}],"author":[{"embeddable":true,"href":"https:\/\/migracao.redenoticia.com.br\/noticia\/wp-json\/wp\/v2\/users\/4"}],"replies":[{"embeddable":true,"href":"https:\/\/migracao.redenoticia.com.br\/noticia\/wp-json\/wp\/v2\/comments?post=147549"}],"version-history":[{"count":0,"href":"https:\/\/migracao.redenoticia.com.br\/noticia\/wp-json\/wp\/v2\/posts\/147549\/revisions"}],"wp:featuredmedia":[{"embeddable":true,"href":"https:\/\/migracao.redenoticia.com.br\/noticia\/wp-json\/wp\/v2\/media\/146653"}],"wp:attachment":[{"href":"https:\/\/migracao.redenoticia.com.br\/noticia\/wp-json\/wp\/v2\/media?parent=147549"}],"wp:term":[{"taxonomy":"category","embeddable":true,"href":"https:\/\/migracao.redenoticia.com.br\/noticia\/wp-json\/wp\/v2\/categories?post=147549"},{"taxonomy":"post_tag","embeddable":true,"href":"https:\/\/migracao.redenoticia.com.br\/noticia\/wp-json\/wp\/v2\/tags?post=147549"}],"curies":[{"name":"wp","href":"https:\/\/api.w.org\/{rel}","templated":true}]}}