{"id":147627,"date":"2018-08-02T14:30:19","date_gmt":"2018-08-02T17:30:19","guid":{"rendered":"https:\/\/www.redenoticia.com.br\/noticia\/?p=147627"},"modified":"2018-08-06T17:46:07","modified_gmt":"2018-08-06T20:46:07","slug":"resumo-novela-belissima-03-08-cemil-encontra-nikos-na-casa-de-tosca","status":"publish","type":"post","link":"https:\/\/migracao.redenoticia.com.br\/noticia\/2018\/resumo-novela-belissima-03-08-cemil-encontra-nikos-na-casa-de-tosca\/147627","title":{"rendered":"Resumo novela \u201cBel\u00edssima\u201d 03\/08: Cemil encontra Nikos na casa de Tosca"},"content":{"rendered":"<p><img loading=\"lazy\" decoding=\"async\" class=\"alignleft size-thumbnail wp-image-143034\" src=\"https:\/\/migracao.redenoticia.com.br\/noticia\/imagens\/belissima-novela-globo-resumo-capitulo-150x112.jpg\" alt=\"\" width=\"150\" height=\"112\" srcset=\"https:\/\/migracao.redenoticia.com.br\/noticia\/imagens\/belissima-novela-globo-resumo-capitulo-150x112.jpg 150w, https:\/\/migracao.redenoticia.com.br\/noticia\/imagens\/belissima-novela-globo-resumo-capitulo-265x198.jpg 265w\" sizes=\"auto, (max-width: 150px) 100vw, 150px\" \/><strong><em>Resumo novela \u201cBel\u00edssima\u201d 03\/08 <\/em><\/strong>: no cap\u00edtulo 041(*) da novela \u201cBel\u00edssima\u201d, resumo de sexta-feira, 03 de agosto, Rebeca elogia Pascoal. Andr\u00e9 marca m\u00e9dico para J\u00falia, por achar que ela est\u00e1 estressada. Alberto d\u00e1 esperan\u00e7as a M\u00f4nica de recuperar a guarda de Toninho. Takae prop\u00f5e que todos os comerciantes perdoem as d\u00edvidas de Murat, pois assim n\u00e3o vai precisar vender a casa para pagar as contas. Ornela mostra-se chateada e Vit\u00f3ria d\u00e1 o endere\u00e7o de Pascoal. Rebeca combina sair com Pascoal, para que ele ensine-a a jogar bilhar. Katina consola Safira e todos brigam com Giovana. Murat fica feliz quando Takae diz que os comerciantes concordaram, mas lembra que ningu\u00e9m pode contar para Katina. <\/p>\n<p>Bia pede a opini\u00e3o de Andr\u00e9 sobre alguns modelos e o elogia. \u00c9rica faz fotos com a lingerie da Bel\u00edssima. Bia descobre que a oficina de Pascoal est\u00e1 entre os im\u00f3veis que quer comprar. Cemil chama a aten\u00e7\u00e3o de Nikos por ter brigado com Edmilson para defend\u00ea-lo. Katina d\u00e1 dinheiro para Murat pagar os mantimentos que trouxe para casa e ele usa este dinheiro para apostar nos cavalos. <\/p>\n<p>Tosca avisa Katina que Nikos est\u00e1 em sua casa e quer falar com ela. Giovana pede e Safira a perdoa. Maria Jo\u00e3o vai atr\u00e1s de Pascoal. M\u00f4nica se encontra com Alberto em um restaurante. Ornela quase atropela Mateus, quando procura a oficina. Mateus se esconde no carro ao ver Cemil. Nikos pede que Katina ajude Cemil. Cemil entra na casa de Tosca atr\u00e1s da m\u00e3e e d\u00e1 de cara com Nikos.<\/p>\n<p>(*) edi\u00e7\u00e3o da Rede Globo, Novela \u201cBel\u00edssima\u201d, sujeito a altera\u00e7\u00e3o de data e conte\u00fado.<\/p>\n<p>Simp\u00e1tica, bem-sucedida e discreta, J\u00falia Assump\u00e7\u00e3o \u00e9 presidente da Bel\u00edssima, refer\u00eancia mundial no setor de roupas \u00edntimas. Sua av\u00f3, Bia Falc\u00e3o, a pressiona para se tornar parecida com a m\u00e3e, Stella Assump\u00e7\u00e3o \u2013 que foi uma modelo bastante famosa, mito de beleza na d\u00e9cada de 1960. Fundadora da marca Bel\u00edssima, Stella morreu em um acidente de avi\u00e3o junto com seu marido, deixando \u00f3rf\u00e3os J\u00falia e Pedro. Desde ent\u00e3o, Bia Falc\u00e3o se tornou respons\u00e1vel pelos dois, tendo-os criado. At\u00e9 hoje tenta controlar a vida deles. Em casa, J\u00falia s\u00f3 encontra apoio no tio, Argemiro Falc\u00e3o, vulgo Gigi, e na governanta, Matilde. Bia faz de tudo para J\u00falia se sentir culpada pela morte dos pais.<\/p>\n<p>A vil\u00e3 far\u00e1 de tudo para acabar com os romances de Pedro com Vit\u00f3ria, uma ex- menina de rua que ele escolheu para ser sua esposa, com quem tem uma filha, e Vit\u00f3ria ser\u00e1 perseguida pela vil\u00e3 durante toda a trama, por\u00e9m, sem perder a fibra e a coragem; e de J\u00falia com Andr\u00e9 Santana. Este, apesar de n\u00e3o parecer inicialmente, \u00e9 um grande e terr\u00edvel vil\u00e3o, diab\u00f3lico e ambicioso, que almeja ser dono da Bel\u00edssima em conjunto com seu pai, Aquilino Santana, o seu Quiqui, que aparenta ser um bom velhinho, mas \u00e9, na verdade, um bandido da pior esp\u00e9cie, ex-matador de aluguel. Andr\u00e9 vai se envolver com J\u00falia e com a filha de J\u00falia, \u00c9rica, uma mulher f\u00fatil e perversa como a bisav\u00f3 Bia Falc\u00e3o. \u00c9rica \u00e9 aspirante a modelo.<\/p>\n","protected":false},"excerpt":{"rendered":"<p>Resumo novela \u201cBel\u00edssima\u201d 03\/08 : no cap\u00edtulo 041(*) da novela \u201cBel\u00edssima\u201d, resumo de sexta-feira, 03 de agosto, Rebeca elogia Pascoal. Andr\u00e9 marca m\u00e9dico para J\u00falia, por achar que ela est\u00e1 estressada. Alberto d\u00e1 esperan\u00e7as a M\u00f4nica de recuperar a guarda de Toninho. Takae prop\u00f5e que todos os comerciantes perdoem as d\u00edvidas de Murat, pois assim [&hellip;]<\/p>\n","protected":false},"author":4,"featured_media":143034,"comment_status":"open","ping_status":"closed","sticky":false,"template":"","format":"standard","meta":{"tdm_status":"","tdm_grid_status":"","footnotes":""},"categories":[485,379,375,343],"tags":[441],"class_list":{"0":"post-147627","1":"post","2":"type-post","3":"status-publish","4":"format-standard","5":"has-post-thumbnail","7":"category-belissima","8":"category-novelas","9":"category-rede-globo","10":"category-televisao","11":"tag-resumo-do-dia"},"_links":{"self":[{"href":"https:\/\/migracao.redenoticia.com.br\/noticia\/wp-json\/wp\/v2\/posts\/147627","targetHints":{"allow":["GET"]}}],"collection":[{"href":"https:\/\/migracao.redenoticia.com.br\/noticia\/wp-json\/wp\/v2\/posts"}],"about":[{"href":"https:\/\/migracao.redenoticia.com.br\/noticia\/wp-json\/wp\/v2\/types\/post"}],"author":[{"embeddable":true,"href":"https:\/\/migracao.redenoticia.com.br\/noticia\/wp-json\/wp\/v2\/users\/4"}],"replies":[{"embeddable":true,"href":"https:\/\/migracao.redenoticia.com.br\/noticia\/wp-json\/wp\/v2\/comments?post=147627"}],"version-history":[{"count":0,"href":"https:\/\/migracao.redenoticia.com.br\/noticia\/wp-json\/wp\/v2\/posts\/147627\/revisions"}],"wp:featuredmedia":[{"embeddable":true,"href":"https:\/\/migracao.redenoticia.com.br\/noticia\/wp-json\/wp\/v2\/media\/143034"}],"wp:attachment":[{"href":"https:\/\/migracao.redenoticia.com.br\/noticia\/wp-json\/wp\/v2\/media?parent=147627"}],"wp:term":[{"taxonomy":"category","embeddable":true,"href":"https:\/\/migracao.redenoticia.com.br\/noticia\/wp-json\/wp\/v2\/categories?post=147627"},{"taxonomy":"post_tag","embeddable":true,"href":"https:\/\/migracao.redenoticia.com.br\/noticia\/wp-json\/wp\/v2\/tags?post=147627"}],"curies":[{"name":"wp","href":"https:\/\/api.w.org\/{rel}","templated":true}]}}