{"id":147633,"date":"2018-08-02T14:34:28","date_gmt":"2018-08-02T17:34:28","guid":{"rendered":"https:\/\/www.redenoticia.com.br\/noticia\/?p=147633"},"modified":"2018-08-06T17:45:58","modified_gmt":"2018-08-06T20:45:58","slug":"resumo-novela-o-tempo-nao-para-03-08-samuca-promete-ajudar-marocas","status":"publish","type":"post","link":"https:\/\/migracao.redenoticia.com.br\/noticia\/2018\/resumo-novela-o-tempo-nao-para-03-08-samuca-promete-ajudar-marocas\/147633","title":{"rendered":"Resumo novela \u201cO Tempo N\u00e3o Para\u201d 03\/08: Samuca promete ajudar Marocas"},"content":{"rendered":"<p><img loading=\"lazy\" decoding=\"async\" src=\"https:\/\/migracao.redenoticia.com.br\/noticia\/imagens\/o-tempo-nao-para-novela-resumo-globo-150x112.jpg\" alt=\"\" width=\"150\" height=\"112\" class=\"alignleft size-thumbnail wp-image-146653\" srcset=\"https:\/\/migracao.redenoticia.com.br\/noticia\/imagens\/o-tempo-nao-para-novela-resumo-globo-150x112.jpg 150w, https:\/\/migracao.redenoticia.com.br\/noticia\/imagens\/o-tempo-nao-para-novela-resumo-globo-265x198.jpg 265w\" sizes=\"auto, (max-width: 150px) 100vw, 150px\" \/><strong><em>Resumo novela \u201cO Tempo N\u00e3o Para\u201d 03\/08 <\/em><\/strong>: no cap\u00edtulo 004(*) da novela \u201cO Tempo N\u00e3o Para\u201d, resumo sexta-feira, 03 de agosto, Samuca conversa com um m\u00e9dico sobre Marocas. Lal\u00e1 mente para Carmen. Eliseu se sente mal e Paulina o leva ao hospital. Petra se anima com os resultados das an\u00e1lises sobre os congelados. Marocas acorda e chama pelo pai. Dom Sabino acorda na Criotec procurando Marocas. Helen e Petra conversam com Marocas. Herberto se assusta com Dom Sabino e diz onde a filha est\u00e1. Samuca estranha o discurso de Marocas. Dom Sabino passa mal e Herberto o leva para o hospital. Eliseu e Paulina aguardam atendimento. Samuca e Helen ficam pasmos quando Marocas diz a que ano ela pertence. Eliseu exige que Paulina n\u00e3o pe\u00e7a dinheiro ao irm\u00e3o para pagar a conta do hospital. Flor\u00eancio avisa ao Bar\u00e3o que Eliseu foi hospitalizado. Carmen critica Betina por seu comportamento. Samuca pede que Em\u00edlio investigue Marocas e sua fam\u00edlia e enfrenta Petra. Dom Sabino \u00e9 levado para a emerg\u00eancia do hospital. Samuca promete ajudar Marocas, que confia nele, e os dois saem do hospital.<\/p>\n<p>(*) edi\u00e7\u00e3o da Rede Globo, Novela \u201cO Tempo N\u00e3o Para\u201d, sujeito a altera\u00e7\u00e3o de data e conte\u00fado.<\/p>\n<p>Anos de avan\u00e7os e descobertas que moldaram costumes, h\u00e1bitos e linguagens da sociedade contempor\u00e2nea v\u00e3o gerar um choque em uma abastada fam\u00edlia do s\u00e9culo XIX que desperta no s\u00e9culo XXI. Por 132 anos, os Sabino Machado e seus agregados ficaram congelados, dentro de um bloco de gelo, enquanto a vida l\u00e1 fora passava. Agora, v\u00e3o despertar em uma S\u00e3o Paulo pulsante e turbulenta e se deparar com a sociedade em pleno 2018. &#8220;O Tempo N\u00e3o Para&#8221;, nova novela das 7, \u00e9 escrita por Mario Teixeira e tem dire\u00e7\u00e3o art\u00edstica de Leonardo Nogueira.<\/p>\n","protected":false},"excerpt":{"rendered":"<p>Resumo novela \u201cO Tempo N\u00e3o Para\u201d 03\/08 : no cap\u00edtulo 004(*) da novela \u201cO Tempo N\u00e3o Para\u201d, resumo sexta-feira, 03 de agosto, Samuca conversa com um m\u00e9dico sobre Marocas. Lal\u00e1 mente para Carmen. Eliseu se sente mal e Paulina o leva ao hospital. Petra se anima com os resultados das an\u00e1lises sobre os congelados. Marocas [&hellip;]<\/p>\n","protected":false},"author":4,"featured_media":146653,"comment_status":"open","ping_status":"closed","sticky":false,"template":"","format":"standard","meta":{"tdm_status":"","tdm_grid_status":"","footnotes":""},"categories":[379,490,375,343],"tags":[441],"class_list":{"0":"post-147633","1":"post","2":"type-post","3":"status-publish","4":"format-standard","5":"has-post-thumbnail","7":"category-novelas","8":"category-o-tempo-nao-para","9":"category-rede-globo","10":"category-televisao","11":"tag-resumo-do-dia"},"_links":{"self":[{"href":"https:\/\/migracao.redenoticia.com.br\/noticia\/wp-json\/wp\/v2\/posts\/147633","targetHints":{"allow":["GET"]}}],"collection":[{"href":"https:\/\/migracao.redenoticia.com.br\/noticia\/wp-json\/wp\/v2\/posts"}],"about":[{"href":"https:\/\/migracao.redenoticia.com.br\/noticia\/wp-json\/wp\/v2\/types\/post"}],"author":[{"embeddable":true,"href":"https:\/\/migracao.redenoticia.com.br\/noticia\/wp-json\/wp\/v2\/users\/4"}],"replies":[{"embeddable":true,"href":"https:\/\/migracao.redenoticia.com.br\/noticia\/wp-json\/wp\/v2\/comments?post=147633"}],"version-history":[{"count":0,"href":"https:\/\/migracao.redenoticia.com.br\/noticia\/wp-json\/wp\/v2\/posts\/147633\/revisions"}],"wp:featuredmedia":[{"embeddable":true,"href":"https:\/\/migracao.redenoticia.com.br\/noticia\/wp-json\/wp\/v2\/media\/146653"}],"wp:attachment":[{"href":"https:\/\/migracao.redenoticia.com.br\/noticia\/wp-json\/wp\/v2\/media?parent=147633"}],"wp:term":[{"taxonomy":"category","embeddable":true,"href":"https:\/\/migracao.redenoticia.com.br\/noticia\/wp-json\/wp\/v2\/categories?post=147633"},{"taxonomy":"post_tag","embeddable":true,"href":"https:\/\/migracao.redenoticia.com.br\/noticia\/wp-json\/wp\/v2\/tags?post=147633"}],"curies":[{"name":"wp","href":"https:\/\/api.w.org\/{rel}","templated":true}]}}