{"id":147652,"date":"2018-08-02T15:14:48","date_gmt":"2018-08-02T18:14:48","guid":{"rendered":"https:\/\/www.redenoticia.com.br\/noticia\/?p=147652"},"modified":"2018-08-06T17:45:53","modified_gmt":"2018-08-06T20:45:53","slug":"novela-luz-do-sol-resumo-03-08-drica-e-gabi-sofrem-um-acidente-de-moto","status":"publish","type":"post","link":"https:\/\/migracao.redenoticia.com.br\/noticia\/2018\/novela-luz-do-sol-resumo-03-08-drica-e-gabi-sofrem-um-acidente-de-moto\/147652","title":{"rendered":"Novela \u201cLuz do Sol\u201d resumo 03\/08: Drica e Gabi sofrem um acidente de moto"},"content":{"rendered":"<p> <img loading=\"lazy\" decoding=\"async\" class=\"alignleft size-thumbnail wp-image-131397\" src=\"https:\/\/migracao.redenoticia.com.br\/noticia\/imagens\/luz-do-sol-resumo-novela-record-150x112.jpg\" alt=\"\" width=\"150\" height=\"112\" srcset=\"https:\/\/migracao.redenoticia.com.br\/noticia\/imagens\/luz-do-sol-resumo-novela-record-150x112.jpg 150w, https:\/\/migracao.redenoticia.com.br\/noticia\/imagens\/luz-do-sol-resumo-novela-record-265x198.jpg 265w\" sizes=\"auto, (max-width: 150px) 100vw, 150px\" \/><strong><em>Novela \u201cLuz do Sol\u201d resumo 03\/08<\/em><\/strong>: no capitulo 145 (*) da novela \u201cLuz do Sol\u201d, sexta-feira, 03 de agosto, Stella fica aflita ao saber do sumi\u00e7o de Drica. Stella e toda a fam\u00edlia ficam sabendo sobre um acidente fatal envolvendo jovens do condom\u00ednio e temem que Drica esteja entre eles. Laura tamb\u00e9m fica desesperada, pois sabe que Gabi \u00e9 da turma e pode estar entre eles. Rick procura Bernardo e avisa sobre o acidente com os jovens do condom\u00ednio; Eliana tamb\u00e9m ouve a not\u00edcia e, at\u00f4nita, resolve ir \u00e0 casa dos Alc\u00e2ntara Diniz. Tom se declara para Ver\u00f4nica, diz que ela \u00e9 a mulher da sua vida, e prop\u00f5e que eles fiquem juntos, mesmo sem casar.<\/p>\n<p>Drica e Gabi sofrem um acidente de moto. Eliana, Vicente e Eliana est\u00e3o a caminho da casa dos Alc\u00e2ntara Diniz e passam pelo local onde Drica e Gabi ca\u00edram da moto, mas nem desconfiam de nada. Depois do acidente, Gabi \u00e9 levada \u00e0 delegacia por estar dirigindo b\u00eabada e sem habilita\u00e7\u00e3o. Gabi telefona para Laura da delegacia e avisa que ela e Drica sofreram um pequeno acidente de moto, deixando a todos na casa dos Alc\u00e2ntara Diniz aliviados. Drica, por ser menor de idade, \u00e9 encaminhada para um abrigo de menores. Freddy pede a Marcelo que os ajude a descobrir o paradeiro de Drica.<\/p>\n<p>Isabela chora, arrependida, sentindo-se culpada pelo acidente de Drica, e Vicente a consola. Gabi fica totalmente chocada ao saber que os seus cinco amigos morreram no acidente de carro. Ao ser internada no abrigo, Drica d\u00e1 um nome falso, dificultando a sua busca. A fam\u00edlia de Drica sai em seu encal\u00e7o. <\/p>\n<p>(*) edi\u00e7\u00e3o da Rede Record, Novela \u201cLuz do Sol\u201d, sujeito a altera\u00e7\u00e3o de data e conte\u00fado.<\/p>\n","protected":false},"excerpt":{"rendered":"<p>Novela \u201cLuz do Sol\u201d resumo 03\/08: no capitulo 145 (*) da novela \u201cLuz do Sol\u201d, sexta-feira, 03 de agosto, Stella fica aflita ao saber do sumi\u00e7o de Drica. Stella e toda a fam\u00edlia ficam sabendo sobre um acidente fatal envolvendo jovens do condom\u00ednio e temem que Drica esteja entre eles. Laura tamb\u00e9m fica desesperada, pois [&hellip;]<\/p>\n","protected":false},"author":2,"featured_media":131397,"comment_status":"open","ping_status":"closed","sticky":false,"template":"","format":"standard","meta":{"tdm_status":"","tdm_grid_status":"","footnotes":""},"categories":[379,371,343],"tags":[441],"class_list":{"0":"post-147652","1":"post","2":"type-post","3":"status-publish","4":"format-standard","5":"has-post-thumbnail","7":"category-novelas","8":"category-rede-record","9":"category-televisao","10":"tag-resumo-do-dia"},"_links":{"self":[{"href":"https:\/\/migracao.redenoticia.com.br\/noticia\/wp-json\/wp\/v2\/posts\/147652","targetHints":{"allow":["GET"]}}],"collection":[{"href":"https:\/\/migracao.redenoticia.com.br\/noticia\/wp-json\/wp\/v2\/posts"}],"about":[{"href":"https:\/\/migracao.redenoticia.com.br\/noticia\/wp-json\/wp\/v2\/types\/post"}],"author":[{"embeddable":true,"href":"https:\/\/migracao.redenoticia.com.br\/noticia\/wp-json\/wp\/v2\/users\/2"}],"replies":[{"embeddable":true,"href":"https:\/\/migracao.redenoticia.com.br\/noticia\/wp-json\/wp\/v2\/comments?post=147652"}],"version-history":[{"count":0,"href":"https:\/\/migracao.redenoticia.com.br\/noticia\/wp-json\/wp\/v2\/posts\/147652\/revisions"}],"wp:featuredmedia":[{"embeddable":true,"href":"https:\/\/migracao.redenoticia.com.br\/noticia\/wp-json\/wp\/v2\/media\/131397"}],"wp:attachment":[{"href":"https:\/\/migracao.redenoticia.com.br\/noticia\/wp-json\/wp\/v2\/media?parent=147652"}],"wp:term":[{"taxonomy":"category","embeddable":true,"href":"https:\/\/migracao.redenoticia.com.br\/noticia\/wp-json\/wp\/v2\/categories?post=147652"},{"taxonomy":"post_tag","embeddable":true,"href":"https:\/\/migracao.redenoticia.com.br\/noticia\/wp-json\/wp\/v2\/tags?post=147652"}],"curies":[{"name":"wp","href":"https:\/\/api.w.org\/{rel}","templated":true}]}}