{"id":147654,"date":"2018-08-02T15:21:36","date_gmt":"2018-08-02T18:21:36","guid":{"rendered":"https:\/\/www.redenoticia.com.br\/noticia\/?p=147654"},"modified":"2018-08-06T17:45:50","modified_gmt":"2018-08-06T20:45:50","slug":"novela-essas-mulheres-resumo-03-08-cunha-convida-gloria-para-almocar","status":"publish","type":"post","link":"https:\/\/migracao.redenoticia.com.br\/noticia\/2018\/novela-essas-mulheres-resumo-03-08-cunha-convida-gloria-para-almocar\/147654","title":{"rendered":"Novela \u201cEssas Mulheres\u201d resumo 03\/08: Adelaide contrata Aur\u00e9lia como governanta"},"content":{"rendered":"<p> <img loading=\"lazy\" decoding=\"async\" class=\"alignleft size-thumbnail wp-image-146736\" src=\"https:\/\/migracao.redenoticia.com.br\/noticia\/imagens\/essas-mulheres-resumo-novela-record-150x112.jpg\" alt=\"\" width=\"150\" height=\"112\" srcset=\"https:\/\/migracao.redenoticia.com.br\/noticia\/imagens\/essas-mulheres-resumo-novela-record-150x112.jpg 150w, https:\/\/migracao.redenoticia.com.br\/noticia\/imagens\/essas-mulheres-resumo-novela-record-265x198.jpg 265w\" sizes=\"auto, (max-width: 150px) 100vw, 150px\" \/><em><strong>Novela \u201cEssas Mulheres\u201d resumo 03\/08<\/strong><\/em>: no capitulo 005 (*) da novela \u201cEssas Mulheres\u201d, sexta-feira, 03 de agosto, Cel. Louren\u00e7o pede que Lobato entregue uma pequena quantia de dinheiro para Em\u00edlia. Fernando beija Adelaide. Em\u00edlia passa mal durante a organiza\u00e7\u00e3o de sua mob\u00edlia na nova casa. Dr. Torquato examina Em\u00edlia. Ord\u00e1lia sugere a Em\u00edlia que Aur\u00e9lia procure um emprego com Artur. Adelaide concorda em ter Aur\u00e9lia como sua governanta.<\/p>\n<p> Aur\u00e9lia vai at\u00e9 a casa de Adelaide, que a orienta no seu trabalho. Lemos entrega as chaves para o comprador da casa. Lobato leva o dinheiro at\u00e9 a casa de Em\u00edlia e entrega para Lemos. Aur\u00e9lia \u00e9 apresentada aos empregados. Aur\u00e9lia visita Maria da Gl\u00f3ria e decide ajud\u00e1-la com as despesas.<\/p>\n<p>(*) edi\u00e7\u00e3o da Rede Record, Novela \u201cEssas Mulheres\u201d, sujeito a altera\u00e7\u00e3o de data e conte\u00fado.<\/p>\n<p>\u201cEssas Mulheres\u201d &#8211; A trama se passa em 1880, na cidade do Rio de Janeiro, seguindo a vida de tr\u00eas mulheres fortes e determinadas. Aur\u00e9lia (Christine Fernandes), Maria da Gl\u00f3ria (Carla Cabral) e Mila (Miriam Freeland) s\u00e3o grandes amigas que frequentam as aulas de etiqueta juntas, por\u00e9m a vida n\u00e3o demora muito para coloca-las em rumos completamente diferentes. Aur\u00e9lia vivia com sua m\u00e3e e irm\u00e3o em uma casa de favor, por\u00e9m eles s\u00e3o expulsos quando seu tio Lemos (Paulo Gorgulho) vende o im\u00f3vel sem piedade, for\u00e7ando-os a ir morar de aluguel e ela trabalhar como empregada para a arrogante Adelaide (Adriana Garambone) \u2013 que a humilha constantemente e lhe rouba Fernando Seixas (Gabriel Braga Nunes), jornalista com quem ela vivia um romance.<\/p>\n","protected":false},"excerpt":{"rendered":"<p>Novela \u201cEssas Mulheres\u201d resumo 03\/08: no capitulo 005 (*) da novela \u201cEssas Mulheres\u201d, sexta-feira, 03 de agosto, Cel. Louren\u00e7o pede que Lobato entregue uma pequena quantia de dinheiro para Em\u00edlia. Fernando beija Adelaide. Em\u00edlia passa mal durante a organiza\u00e7\u00e3o de sua mob\u00edlia na nova casa. Dr. Torquato examina Em\u00edlia. Ord\u00e1lia sugere a Em\u00edlia que Aur\u00e9lia [&hellip;]<\/p>\n","protected":false},"author":2,"featured_media":146736,"comment_status":"open","ping_status":"closed","sticky":false,"template":"","format":"standard","meta":{"tdm_status":"","tdm_grid_status":"","footnotes":""},"categories":[379,371,343],"tags":[441],"class_list":{"0":"post-147654","1":"post","2":"type-post","3":"status-publish","4":"format-standard","5":"has-post-thumbnail","7":"category-novelas","8":"category-rede-record","9":"category-televisao","10":"tag-resumo-do-dia"},"_links":{"self":[{"href":"https:\/\/migracao.redenoticia.com.br\/noticia\/wp-json\/wp\/v2\/posts\/147654","targetHints":{"allow":["GET"]}}],"collection":[{"href":"https:\/\/migracao.redenoticia.com.br\/noticia\/wp-json\/wp\/v2\/posts"}],"about":[{"href":"https:\/\/migracao.redenoticia.com.br\/noticia\/wp-json\/wp\/v2\/types\/post"}],"author":[{"embeddable":true,"href":"https:\/\/migracao.redenoticia.com.br\/noticia\/wp-json\/wp\/v2\/users\/2"}],"replies":[{"embeddable":true,"href":"https:\/\/migracao.redenoticia.com.br\/noticia\/wp-json\/wp\/v2\/comments?post=147654"}],"version-history":[{"count":0,"href":"https:\/\/migracao.redenoticia.com.br\/noticia\/wp-json\/wp\/v2\/posts\/147654\/revisions"}],"wp:featuredmedia":[{"embeddable":true,"href":"https:\/\/migracao.redenoticia.com.br\/noticia\/wp-json\/wp\/v2\/media\/146736"}],"wp:attachment":[{"href":"https:\/\/migracao.redenoticia.com.br\/noticia\/wp-json\/wp\/v2\/media?parent=147654"}],"wp:term":[{"taxonomy":"category","embeddable":true,"href":"https:\/\/migracao.redenoticia.com.br\/noticia\/wp-json\/wp\/v2\/categories?post=147654"},{"taxonomy":"post_tag","embeddable":true,"href":"https:\/\/migracao.redenoticia.com.br\/noticia\/wp-json\/wp\/v2\/tags?post=147654"}],"curies":[{"name":"wp","href":"https:\/\/api.w.org\/{rel}","templated":true}]}}